{"id":157657,"date":"2026-02-11T10:57:04","date_gmt":"2026-02-11T13:57:04","guid":{"rendered":"https:\/\/vinasfm.com\/noticias\/?p=157657"},"modified":"2026-02-16T08:35:43","modified_gmt":"2026-02-16T11:35:43","slug":"ssan-pedro-del-atuel-celebra-su-113-aniversario-con-musica-danza-y-una-torta-gigante","status":"publish","type":"post","link":"https:\/\/vinasfm.com\/noticias\/ssan-pedro-del-atuel-celebra-su-113-aniversario-con-musica-danza-y-una-torta-gigante\/","title":{"rendered":"SAN PEDRO DEL ATUEL CELEBR\u00d3 SU 113\u00b0 ANIVERSARIO CON M\u00daSICA, DANZA Y UNA TORTA GIGANTE"},"content":{"rendered":"<h4><span style=\"color: #003366;\"><strong>La delegada de San Pedro del Atuel, Norma Costa, invit\u00f3 a toda la comunidad a participar de los festejos por el 113\u00b0 aniversario del distrito, que se llevar\u00e1n a cabo el domingo 15 de febrero desde las 20:30 horas en el predio de los festejos patronales.<\/strong><\/span><\/h4>\n<p>En di\u00e1logo con <span style=\"color: #800080;\"><strong>FM VI\u00d1AS<\/strong><\/span>, Costa adelant\u00f3 que la celebraci\u00f3n contar\u00e1 con una importante grilla art\u00edstica. Sobre el escenario se presentar\u00e1n las academias <strong>Alma Gaucha, El Pampa y el Ballet Ucraniano Kiev<\/strong>, que brindar\u00e1n distintos n\u00fameros de danza para el p\u00fablico.<\/p>\n<p>La m\u00fasica tambi\u00e9n ser\u00e1 protagonista de la noche con la actuaci\u00f3n de <strong>Las Voces del Atuel<\/strong> y posteriormente <strong>Pajarito y su conjunto<\/strong>, quienes pondr\u00e1n el broche musical para que los presentes puedan disfrutar y bailar.<\/p>\n<p><a href=\"https:\/\/vinasfm.com\/noticias\/wp-content\/uploads\/2026\/02\/50dca368-94f3-4d6f-a2a7-cd39ce89e0cc.jpg\"><img loading=\"lazy\" decoding=\"async\" class=\"wp-image-157667 aligncenter\" src=\"https:\/\/vinasfm.com\/noticias\/wp-content\/uploads\/2026\/02\/50dca368-94f3-4d6f-a2a7-cd39ce89e0cc-867x1024.jpg\" alt=\"\" width=\"432\" height=\"510\" \/><\/a><\/p>\n<p>Adem\u00e1s, habr\u00e1 <strong>una torta gigante<\/strong> para compartir entre los asistentes, stands, artesanos y los tradicionales carritos de comidas, ofreciendo propuestas gastron\u00f3micas para toda la familia.<\/p>\n<p>La delegada solicit\u00f3 a los vecinos que lleven <strong>reposeras y equipo de mate<\/strong>, ya que no se contar\u00e1 con muchas sillas en el predio. <em><strong>\u201cInvitamos a toda la comunidad a acercarse y a pasar una linda tarde juntos\u201d<\/strong><\/em>, expres\u00f3.<\/p>\n<p>La celebraci\u00f3n promete ser una noche especial, con espect\u00e1culos art\u00edsticos y un ambiente festivo para conmemorar un nuevo aniversario de San Pedro del Atuel.<\/p>\n","protected":false},"excerpt":{"rendered":"<p>La delegada de San Pedro del Atuel, Norma Costa, invit\u00f3 a toda la comunidad a participar de los festejos por el &#8230;<\/p>\n","protected":false},"author":7,"featured_media":157667,"comment_status":"open","ping_status":"open","sticky":false,"template":"","format":"standard","meta":{"footnotes":""},"categories":[5,10],"tags":[],"class_list":["post-157657","post","type-post","status-publish","format-standard","has-post-thumbnail","hentry","category-actualidad","category-destacadas"],"_links":{"self":[{"href":"https:\/\/vinasfm.com\/noticias\/wp-json\/wp\/v2\/posts\/157657","targetHints":{"allow":["GET"]}}],"collection":[{"href":"https:\/\/vinasfm.com\/noticias\/wp-json\/wp\/v2\/posts"}],"about":[{"href":"https:\/\/vinasfm.com\/noticias\/wp-json\/wp\/v2\/types\/post"}],"author":[{"embeddable":true,"href":"https:\/\/vinasfm.com\/noticias\/wp-json\/wp\/v2\/users\/7"}],"replies":[{"embeddable":true,"href":"https:\/\/vinasfm.com\/noticias\/wp-json\/wp\/v2\/comments?post=157657"}],"version-history":[{"count":4,"href":"https:\/\/vinasfm.com\/noticias\/wp-json\/wp\/v2\/posts\/157657\/revisions"}],"predecessor-version":[{"id":157722,"href":"https:\/\/vinasfm.com\/noticias\/wp-json\/wp\/v2\/posts\/157657\/revisions\/157722"}],"wp:featuredmedia":[{"embeddable":true,"href":"https:\/\/vinasfm.com\/noticias\/wp-json\/wp\/v2\/media\/157667"}],"wp:attachment":[{"href":"https:\/\/vinasfm.com\/noticias\/wp-json\/wp\/v2\/media?parent=157657"}],"wp:term":[{"taxonomy":"category","embeddable":true,"href":"https:\/\/vinasfm.com\/noticias\/wp-json\/wp\/v2\/categories?post=157657"},{"taxonomy":"post_tag","embeddable":true,"href":"https:\/\/vinasfm.com\/noticias\/wp-json\/wp\/v2\/tags?post=157657"}],"curies":[{"name":"wp","href":"https:\/\/api.w.org\/{rel}","templated":true}]}}