{"id":157637,"date":"2026-02-10T11:23:54","date_gmt":"2026-02-10T14:23:54","guid":{"rendered":"https:\/\/vinasfm.com\/noticias\/?p=157637"},"modified":"2026-02-11T11:15:53","modified_gmt":"2026-02-11T14:15:53","slug":"la-gran-sorpresa-que-dieron-la-reina-y-virreina-nacional-durante-el-streaming-de-vendimia","status":"publish","type":"post","link":"https:\/\/vinasfm.com\/noticias\/la-gran-sorpresa-que-dieron-la-reina-y-virreina-nacional-durante-el-streaming-de-vendimia\/","title":{"rendered":"LA GRAN SORPRESA QUE DIERON LA REINA Y VIRREINA NACIONAL DURANTE EL STREAMING DE VENDIMIA"},"content":{"rendered":"<h4><strong>El programa comparti\u00f3 entrevistas, videos especiales y un anuncio significativo: las soberanas revelaron el tatuaje que sell\u00f3 su experiencia conjunta.<\/strong><\/h4>\n<p>El anuncio se dio en el marco de una nueva emisi\u00f3n del Streaming de Vendimia, un espacio que propone recorrer la fiesta y poner en valor tanto el presente vendimial como el trabajo de quienes la hacen posible. En esta oportunidad, el programa combin\u00f3 entrevistas, contenidos audiovisuales exclusivos y recorridos por los escenarios centrales de la celebraci\u00f3n.<\/p>\n<p>Uno de los momentos destacados fue la entrevista a la Reina y la Virreina Nacional de la Vendimia 2025, Alejandrina Funes Napoletano y Sof\u00eda Perfumo, quienes repasaron su a\u00f1o de reinado y compartieron una experiencia personal que las une de manera simb\u00f3lica. Ambas decidieron realizarse un tatuaje id\u00e9ntico: una hoja de parra acompa\u00f1ada por el n\u00famero 25, en referencia al a\u00f1o de su mandato. El dise\u00f1o, ubicado en el antebrazo, representa el camino compartido y el v\u00ednculo construido a lo largo de la experiencia vendimial.<\/p>\n<p>Durante la charla, conducida por Mauricio Morello y Rebeca Rodr\u00edguez Vi\u00f1olo, las soberanas reflexionaron sobre el crecimiento personal que les dej\u00f3 el reinado, el afecto constante del p\u00fablico y la intensidad de la agenda que recorri\u00f3 distintos puntos de la provincia. Coincidieron en destacar la cercan\u00eda con la gente y el orgullo de representar a Mendoza en cada actividad oficial.<\/p>\n<h2>Contenidos que permiten vivir Vendimia desde adentro<\/h2>\n<p>El programa incluy\u00f3 adem\u00e1s la presentaci\u00f3n oficial de los personajes de la Fiesta Nacional de la Vendimia 2026 a trav\u00e9s de una pieza audiovisual que comienza a revelar el universo narrativo del espect\u00e1culo central que se desarrollar\u00e1 en el Teatro Griego Frank Romero Day. El material permiti\u00f3 anticipar los protagonistas simb\u00f3licos de la historia y generar expectativa sobre la puesta en escena.<\/p>\n<p>Otro de los contenidos fue un video especial desde el Teatro Griego, donde Pablo Perri recorri\u00f3 el escenario mayor de la Vendimia y comparti\u00f3 detalles sobre su relevancia cultural, su dimensi\u00f3n simb\u00f3lica y los preparativos que se llevan adelante para la celebraci\u00f3n central.<\/p>\n<p>Por otro lado, uno de los segmentos centrales del programa fue la entrevista a Silvia Moyano, guionista de la Fiesta Nacional de la Vendimia 2026, quien profundiz\u00f3 sobre el proceso creativo del espect\u00e1culo y el enfoque conceptual de la obra. Moyano explic\u00f3 c\u00f3mo se fue construyendo el relato a partir de la identidad mendocina, el trabajo colectivo y la memoria cultural, entendiendo a la Vendimia como una historia viva que se reescribe a\u00f1o a a\u00f1o.<\/p>\n<p>Durante la conversaci\u00f3n, la guionista se refiri\u00f3 al desaf\u00edo de articular una narrativa que dialogue con la tradici\u00f3n vendimial y, al mismo tiempo, incorpore nuevas miradas y lenguajes esc\u00e9nicos. Tambi\u00e9n destac\u00f3 la importancia de los personajes como portadores de sentido dentro del espect\u00e1culo, ya que a trav\u00e9s de ellos se expresan valores, tensiones y emociones vinculadas a la historia y al presente de Mendoza.<\/p>\n<p>Con entrevistas, recorridos y contenidos exclusivos, el Streaming de Vendimia volvi\u00f3 a consolidarse como un espacio para conocer la fiesta desde m\u00faltiples miradas, poniendo en di\u00e1logo tradici\u00f3n, presente y proyecci\u00f3n futura de la celebraci\u00f3n m\u00e1s importante de Mendoza.<\/p>\n<p>&nbsp;<\/p>\n","protected":false},"excerpt":{"rendered":"<p>El programa comparti\u00f3 entrevistas, videos especiales y un anuncio significativo: las soberanas revelaron el tatuaje que sell\u00f3 su experiencia conjunta. El &#8230;<\/p>\n","protected":false},"author":7,"featured_media":157641,"comment_status":"open","ping_status":"open","sticky":false,"template":"","format":"standard","meta":{"footnotes":""},"categories":[10,25],"tags":[],"class_list":["post-157637","post","type-post","status-publish","format-standard","has-post-thumbnail","hentry","category-destacadas","category-vendimia"],"_links":{"self":[{"href":"https:\/\/vinasfm.com\/noticias\/wp-json\/wp\/v2\/posts\/157637","targetHints":{"allow":["GET"]}}],"collection":[{"href":"https:\/\/vinasfm.com\/noticias\/wp-json\/wp\/v2\/posts"}],"about":[{"href":"https:\/\/vinasfm.com\/noticias\/wp-json\/wp\/v2\/types\/post"}],"author":[{"embeddable":true,"href":"https:\/\/vinasfm.com\/noticias\/wp-json\/wp\/v2\/users\/7"}],"replies":[{"embeddable":true,"href":"https:\/\/vinasfm.com\/noticias\/wp-json\/wp\/v2\/comments?post=157637"}],"version-history":[{"count":1,"href":"https:\/\/vinasfm.com\/noticias\/wp-json\/wp\/v2\/posts\/157637\/revisions"}],"predecessor-version":[{"id":157642,"href":"https:\/\/vinasfm.com\/noticias\/wp-json\/wp\/v2\/posts\/157637\/revisions\/157642"}],"wp:featuredmedia":[{"embeddable":true,"href":"https:\/\/vinasfm.com\/noticias\/wp-json\/wp\/v2\/media\/157641"}],"wp:attachment":[{"href":"https:\/\/vinasfm.com\/noticias\/wp-json\/wp\/v2\/media?parent=157637"}],"wp:term":[{"taxonomy":"category","embeddable":true,"href":"https:\/\/vinasfm.com\/noticias\/wp-json\/wp\/v2\/categories?post=157637"},{"taxonomy":"post_tag","embeddable":true,"href":"https:\/\/vinasfm.com\/noticias\/wp-json\/wp\/v2\/tags?post=157637"}],"curies":[{"name":"wp","href":"https:\/\/api.w.org\/{rel}","templated":true}]}}