{"id":157632,"date":"2026-02-10T09:38:32","date_gmt":"2026-02-10T12:38:32","guid":{"rendered":"https:\/\/vinasfm.com\/noticias\/?p=157632"},"modified":"2026-02-10T09:38:32","modified_gmt":"2026-02-10T12:38:32","slug":"el-exfiscal-gustavo-gomez-brindara-charlas-en-general-alvear-sobre-criminalizacion-de-la-protesta-y-delitos-ambientales","status":"publish","type":"post","link":"https:\/\/vinasfm.com\/noticias\/el-exfiscal-gustavo-gomez-brindara-charlas-en-general-alvear-sobre-criminalizacion-de-la-protesta-y-delitos-ambientales\/","title":{"rendered":"EL EXFISCAL GUSTAVO G\u00d3MEZ BRINDAR\u00c1 CHARLAS EN GENERAL ALVEAR SOBRE CRIMINALIZACI\u00d3N DE LA PROTESTA Y DELITOS AMBIENTALES"},"content":{"rendered":"<h4><span style=\"color: #003300;\"><strong>En di\u00e1logo con FM VI\u00d1AS, Pilar Castilla, integrante de la Asamblea del Pueblo, inform\u00f3 sobre la visita a General Alvear del exfiscal federal Gustavo G\u00f3mez, reconocido por su extensa trayectoria en la investigaci\u00f3n de delitos ambientales y la defensa de derechos colectivos.<\/strong><\/span><\/h4>\n<p>Seg\u00fan explic\u00f3 Castilla, la visita surge a partir del inter\u00e9s de G\u00f3mez en recorrer la provincia de Mendoza, motivado por las manifestaciones socioambientales que se vienen desarrollando desde agosto del a\u00f1o pasado. <strong>El exfiscal iniciar\u00e1 su recorrido en General Alvear, continuando su labor de contacto directo con comunidades y organizaciones que cuestionan emprendimientos considerados contaminantes o perjudiciales para los territorios.<\/strong><\/p>\n<p>En este marco, se realizar\u00e1n dos charlas abiertas y gratuitas. La primera tendr\u00e1 lugar hoy a las 19.30 en el Sal\u00f3n Ibiza, ubicado sobre Ruta 143 Sur, y estar\u00e1 centrada en la <strong>criminalizaci\u00f3n de la protesta<\/strong>. Durante el encuentro, <strong>G\u00f3mez abordar\u00e1 la situaci\u00f3n actual de las movilizaciones en Mendoza, donde se han registrado detenciones, hechos de violencia y, seg\u00fan denuncian organizaciones sociales, causas judiciales sin fundamento.<\/strong> Adem\u00e1s, se brindar\u00e1 informaci\u00f3n sobre los derechos que asisten a los ciudadanos al manifestarse y c\u00f3mo actuar ante posibles abusos.<\/p>\n<p>Castilla expres\u00f3 su preocupaci\u00f3n por lo que defini\u00f3 como un <em><strong>\u201cclima de violencia institucional\u201d<\/strong><\/em>, se\u00f1alando que estos hechos se enmarcan en un contexto preocupante de respuestas represivas desde distintos niveles del Estado. En ese sentido, <strong>remarc\u00f3 la importancia de conocer los derechos constitucionales y los tratados internacionales vigentes, que protege el acceso a la informaci\u00f3n, la participaci\u00f3n p\u00fablica y la justicia en asuntos ambientales.<\/strong><\/p>\n<p><img loading=\"lazy\" decoding=\"async\" class=\"aligncenter\" src=\"https:\/\/scontent.fmdz10-1.fna.fbcdn.net\/v\/t39.30808-6\/631118255_1314489414042795_4032618819273624838_n.jpg?_nc_cat=100&amp;ccb=1-7&amp;_nc_sid=833d8c&amp;_nc_ohc=tDL0xpfpPU0Q7kNvwE2bQl5&amp;_nc_oc=AdnnWt1qXWO7LHFrIjb8puSyAN686gvqUGuQYIi9yFYM1vXm2jSv_o3ieyhBKKsxCEU&amp;_nc_zt=23&amp;_nc_ht=scontent.fmdz10-1.fna&amp;_nc_gid=PbL8xKmI5kgz1mVkBR2kFQ&amp;oh=00_Afvi9mNk7lI7nYLbdnVzzc3zhr2oRh_sEmYFQ-zVipZ9tQ&amp;oe=69910475\" alt=\"Puede ser una imagen de texto que dice &quot;GENERAL ALVEAR Charla Debate a cargo del Ex Fiscal Federal Gustavo G\u00f3mez Ex Fiscal General ante| C\u00e1mara Federal Tucum\u00e1n, Catamarca San- tiago del Estero, investig\u00f3 delitos ambientales, narcotr\u00e1fico, mafia, C0- rrupci\u00f3n, cyber delitos otros delitos federales. f @fiscalgustavogomez @exfiscalgustavogomezok Febrero 19:30hs &quot;Criminalizaci\u00f3n de la protesta&quot; Lugar: Sal\u00f3n Ibiza (Ruta 143 sur Entre LyLL) 10 Febrero 19hs &quot;Delitos ambientales: Denuncias, pruebas y querellas penales&quot; Lugar: Sal\u00f3n del H.C.D Organizaci\u00f3n CRIPA Asamblea del Pueblo Autoconvocados en cortes Cultura 7722- Mujeres Autoconvocadas por el Ambiente Tranco Largo&quot;\" width=\"428\" height=\"535\" \/><\/p>\n<p>La segunda charla se realizar\u00e1 ma\u00f1ana a las 19 en el Honorable Concejo Deliberante y estar\u00e1 dedicada a los <strong>delitos ambientales<\/strong>. All\u00ed, el exfiscal <strong>explicar\u00e1 c\u00f3mo cualquier ciudadano puede denunciar este tipo de delitos y constituirse como querellante cuando se vean afectados derechos colectivos, como el ambiente.<\/strong> Tambi\u00e9n se abordar\u00e1n problem\u00e1ticas vinculadas a la contaminaci\u00f3n, los incendios y los conflictos por la tierra, especialmente en comunidades originarias.<\/p>\n<p>G\u00f3mez cuenta con antecedentes relevantes como fiscal federal en provincias como Catamarca, Tucum\u00e1n y Santiago del Estero, regiones fuertemente impactadas por la contaminaci\u00f3n minera, lo que le permite aportar experiencia concreta y precedentes judiciales sobre estos temas.<\/p>\n<p>Finalmente, Pilar Castilla destac\u00f3 que la visita del exfiscal se realiza de manera solidaria, ya que todos los gastos del recorrido son solventados por \u00e9l mismo, y subray\u00f3 que ambos encuentros contar\u00e1n con espacios de debate e intercambio con el p\u00fablico.<strong><em> \u201cEs una muy buena oportunidad para informarse, preguntar y sumarse a la defensa del medio ambiente\u201d<\/em><\/strong>, concluy\u00f3.<\/p>\n","protected":false},"excerpt":{"rendered":"<p>En di\u00e1logo con FM VI\u00d1AS, Pilar Castilla, integrante de la Asamblea del Pueblo, inform\u00f3 sobre la visita a General Alvear del &#8230;<\/p>\n","protected":false},"author":7,"featured_media":157633,"comment_status":"open","ping_status":"open","sticky":false,"template":"","format":"standard","meta":{"footnotes":""},"categories":[1],"tags":[],"class_list":["post-157632","post","type-post","status-publish","format-standard","has-post-thumbnail","hentry","category-fmvinas"],"_links":{"self":[{"href":"https:\/\/vinasfm.com\/noticias\/wp-json\/wp\/v2\/posts\/157632","targetHints":{"allow":["GET"]}}],"collection":[{"href":"https:\/\/vinasfm.com\/noticias\/wp-json\/wp\/v2\/posts"}],"about":[{"href":"https:\/\/vinasfm.com\/noticias\/wp-json\/wp\/v2\/types\/post"}],"author":[{"embeddable":true,"href":"https:\/\/vinasfm.com\/noticias\/wp-json\/wp\/v2\/users\/7"}],"replies":[{"embeddable":true,"href":"https:\/\/vinasfm.com\/noticias\/wp-json\/wp\/v2\/comments?post=157632"}],"version-history":[{"count":1,"href":"https:\/\/vinasfm.com\/noticias\/wp-json\/wp\/v2\/posts\/157632\/revisions"}],"predecessor-version":[{"id":157634,"href":"https:\/\/vinasfm.com\/noticias\/wp-json\/wp\/v2\/posts\/157632\/revisions\/157634"}],"wp:featuredmedia":[{"embeddable":true,"href":"https:\/\/vinasfm.com\/noticias\/wp-json\/wp\/v2\/media\/157633"}],"wp:attachment":[{"href":"https:\/\/vinasfm.com\/noticias\/wp-json\/wp\/v2\/media?parent=157632"}],"wp:term":[{"taxonomy":"category","embeddable":true,"href":"https:\/\/vinasfm.com\/noticias\/wp-json\/wp\/v2\/categories?post=157632"},{"taxonomy":"post_tag","embeddable":true,"href":"https:\/\/vinasfm.com\/noticias\/wp-json\/wp\/v2\/tags?post=157632"}],"curies":[{"name":"wp","href":"https:\/\/api.w.org\/{rel}","templated":true}]}}