{"id":157600,"date":"2026-02-09T08:39:55","date_gmt":"2026-02-09T11:39:55","guid":{"rendered":"https:\/\/vinasfm.com\/noticias\/?p=157600"},"modified":"2026-02-09T08:39:55","modified_gmt":"2026-02-09T11:39:55","slug":"bowen-fue-sede-de-una-nueva-edicion-de-la-nochecita-de-picnic","status":"publish","type":"post","link":"https:\/\/vinasfm.com\/noticias\/bowen-fue-sede-de-una-nueva-edicion-de-la-nochecita-de-picnic\/","title":{"rendered":"BOWEN FUE SEDE DE UNA NUEVA EDICI\u00d3N DE LA NOCHECITA DE PICNIC"},"content":{"rendered":"<h4><span style=\"color: #003300;\"><strong>Con una importante participaci\u00f3n de vecinos y condiciones clim\u00e1ticas favorables, se realiz\u00f3 en Bowen una nueva edici\u00f3n de la Nochecita de Picnic, una propuesta impulsada para promover espacios de encuentro comunitario y actividades recreativas para toda la familia.<\/strong><\/span><\/h4>\n<p>Durante la jornada, el p\u00fablico asistente acompa\u00f1\u00f3 la iniciativa con reposeras, mates y participaci\u00f3n en las distintas propuestas musicales y recreativas dispuestas en el lugar, lo que gener\u00f3 un movimiento sostenido en el espacio p\u00fablico y su entorno.<\/p>\n<p>El <em>delegado de Bowen<\/em>, <span style=\"color: #003366;\"><strong>Luis Gergeluk<\/strong><\/span>, destac\u00f3 el acompa\u00f1amiento de la comunidad y el impacto de este tipo de eventos en la din\u00e1mica local. <em><strong>\u201cEn cada edici\u00f3n se observa una respuesta positiva de los vecinos, que no solo solicitan estas actividades sino que tambi\u00e9n participan activamente. Adem\u00e1s, se genera movimiento en comercios, bares, restaurantes y puestos de artesanos\u201d<\/strong><\/em>, se\u00f1al\u00f3.<\/p>\n<p><a href=\"https:\/\/vinasfm.com\/noticias\/wp-content\/uploads\/2026\/02\/WhatsApp-Image-2026-02-09-at-08.29.18.jpeg\"><img loading=\"lazy\" decoding=\"async\" class=\"wp-image-157602 aligncenter\" src=\"https:\/\/vinasfm.com\/noticias\/wp-content\/uploads\/2026\/02\/WhatsApp-Image-2026-02-09-at-08.29.18-1024x575.jpeg\" alt=\"\" width=\"623\" height=\"350\" srcset=\"https:\/\/vinasfm.com\/noticias\/wp-content\/uploads\/2026\/02\/WhatsApp-Image-2026-02-09-at-08.29.18-1024x575.jpeg 1024w, https:\/\/vinasfm.com\/noticias\/wp-content\/uploads\/2026\/02\/WhatsApp-Image-2026-02-09-at-08.29.18-300x168.jpeg 300w, https:\/\/vinasfm.com\/noticias\/wp-content\/uploads\/2026\/02\/WhatsApp-Image-2026-02-09-at-08.29.18-768x431.jpeg 768w, https:\/\/vinasfm.com\/noticias\/wp-content\/uploads\/2026\/02\/WhatsApp-Image-2026-02-09-at-08.29.18-1536x862.jpeg 1536w, https:\/\/vinasfm.com\/noticias\/wp-content\/uploads\/2026\/02\/WhatsApp-Image-2026-02-09-at-08.29.18-750x420.jpeg 750w, https:\/\/vinasfm.com\/noticias\/wp-content\/uploads\/2026\/02\/WhatsApp-Image-2026-02-09-at-08.29.18-1140x641.jpeg 1140w, https:\/\/vinasfm.com\/noticias\/wp-content\/uploads\/2026\/02\/WhatsApp-Image-2026-02-09-at-08.29.18.jpeg 1600w\" sizes=\"auto, (max-width: 623px) 100vw, 623px\" \/><\/a><\/p>\n<p>Vecinos que asistieron al encuentro tambi\u00e9n valoraron la propuesta. <span style=\"color: #003366;\"><strong>Maru<\/strong><\/span>, residente de Bowen, remarc\u00f3 que <em><strong>\u201cestas actividades favorecen la participaci\u00f3n y el encuentro entre los vecinos\u201d<\/strong><\/em>. Por su parte, <span style=\"color: #003366;\"><strong>Cristian<\/strong><\/span>, quien concurri\u00f3 junto a su familia, indic\u00f3 que <strong><em>\u201ces una alternativa accesible para compartir en familia, especialmente con los m\u00e1s chicos\u201d<\/em><\/strong>.<\/p>\n<p>Desde la organizaci\u00f3n se inform\u00f3 que el cierre del ciclo de las Nochecitas de Picnic se realizar\u00e1 en Ciudad, el viernes 13 de febrero, en el Paseo de los Artesanos, a partir de las 20 horas.<\/p>\n","protected":false},"excerpt":{"rendered":"<p>Con una importante participaci\u00f3n de vecinos y condiciones clim\u00e1ticas favorables, se realiz\u00f3 en Bowen una nueva edici\u00f3n de la Nochecita de &#8230;<\/p>\n","protected":false},"author":7,"featured_media":157601,"comment_status":"open","ping_status":"open","sticky":false,"template":"","format":"standard","meta":{"footnotes":""},"categories":[1],"tags":[],"class_list":["post-157600","post","type-post","status-publish","format-standard","has-post-thumbnail","hentry","category-fmvinas"],"_links":{"self":[{"href":"https:\/\/vinasfm.com\/noticias\/wp-json\/wp\/v2\/posts\/157600","targetHints":{"allow":["GET"]}}],"collection":[{"href":"https:\/\/vinasfm.com\/noticias\/wp-json\/wp\/v2\/posts"}],"about":[{"href":"https:\/\/vinasfm.com\/noticias\/wp-json\/wp\/v2\/types\/post"}],"author":[{"embeddable":true,"href":"https:\/\/vinasfm.com\/noticias\/wp-json\/wp\/v2\/users\/7"}],"replies":[{"embeddable":true,"href":"https:\/\/vinasfm.com\/noticias\/wp-json\/wp\/v2\/comments?post=157600"}],"version-history":[{"count":1,"href":"https:\/\/vinasfm.com\/noticias\/wp-json\/wp\/v2\/posts\/157600\/revisions"}],"predecessor-version":[{"id":157603,"href":"https:\/\/vinasfm.com\/noticias\/wp-json\/wp\/v2\/posts\/157600\/revisions\/157603"}],"wp:featuredmedia":[{"embeddable":true,"href":"https:\/\/vinasfm.com\/noticias\/wp-json\/wp\/v2\/media\/157601"}],"wp:attachment":[{"href":"https:\/\/vinasfm.com\/noticias\/wp-json\/wp\/v2\/media?parent=157600"}],"wp:term":[{"taxonomy":"category","embeddable":true,"href":"https:\/\/vinasfm.com\/noticias\/wp-json\/wp\/v2\/categories?post=157600"},{"taxonomy":"post_tag","embeddable":true,"href":"https:\/\/vinasfm.com\/noticias\/wp-json\/wp\/v2\/tags?post=157600"}],"curies":[{"name":"wp","href":"https:\/\/api.w.org\/{rel}","templated":true}]}}