{"id":157597,"date":"2026-02-09T08:32:36","date_gmt":"2026-02-09T11:32:36","guid":{"rendered":"https:\/\/vinasfm.com\/noticias\/?p=157597"},"modified":"2026-02-09T08:55:22","modified_gmt":"2026-02-09T11:55:22","slug":"durazno-mendocino-sabor-internacional-y-aporte-nutricional-para-una-alimentacion-saludable","status":"publish","type":"post","link":"https:\/\/vinasfm.com\/noticias\/durazno-mendocino-sabor-internacional-y-aporte-nutricional-para-una-alimentacion-saludable\/","title":{"rendered":"DURAZNO MENDOCINO: SABOR INTERNACIONAL Y APORTE NUTRICIONAL PARA UNA ALIMENTACI\u00d3N SALUDABLE"},"content":{"rendered":"<h4 class=\"wp-block-heading\"><span style=\"color: #003300;\"><strong>Con la reanudaci\u00f3n de la exportaci\u00f3n de durazno fresco desde Mendoza hacia Dub\u00e1i y los Emiratos \u00c1rabes Unidos, el Ministerio de Salud pone en valor el aporte nutricional de esta fruta de producci\u00f3n local, que forma parte de una alimentaci\u00f3n variada, equilibrada y promotora de la salud.<\/strong><\/span><\/h4>\n<p>La provincia consolida as\u00ed la apertura de nuevos mercados internacionales para uno de los frutos emblem\u00e1ticos de su producci\u00f3n frut\u00edcola, que adem\u00e1s de su relevancia econ\u00f3mica se destaca por sus beneficios para el bienestar de la poblaci\u00f3n.<\/p>\n<p><strong><em>\u201cEl durazno producido en la provincia no solo conquista paladares en el exterior, sino que tambi\u00e9n integra un patr\u00f3n de alimentaci\u00f3n equilibrado por su aporte en nutrientes esenciales para la salud\u201d<\/em><\/strong>, explica la <em>licenciada en Nutrici\u00f3n<\/em> <span style=\"color: #003366;\"><strong>Camila Luna Etura<\/strong><\/span>, del Ministerio de Salud de Mendoza.<\/p>\n<h2><strong>Una fruta clave dentro de una alimentaci\u00f3n de calidad<\/strong><\/h2>\n<p>El consumo diario de frutas es fundamental para el desarrollo de h\u00e1bitos alimentarios saludables, ya que aporta vitaminas, minerales, fibra y compuestos bioactivos que contribuyen al buen funcionamiento del organismo. En este marco, las frutas frescas \u2014como esta producci\u00f3n regional\u2014 ocupan un lugar central junto con las verduras, tal como lo indican las Gu\u00edas Alimentarias para la Poblaci\u00f3n Argentina.<\/p>\n<p>Desde el punto de vista nutricional, el durazno fresco de origen local se caracteriza por:<\/p>\n<ul class=\"wp-block-list\">\n<li>Alto contenido de agua, que contribuye a la hidrataci\u00f3n.<\/li>\n<li>Aporte de fibra, que favorece el tr\u00e1nsito intestinal, mejora la microbiota intestinal y la sensaci\u00f3n de saciedad.<\/li>\n<li>Presencia de vitamina C, que fortalece el sistema inmunol\u00f3gico.<\/li>\n<li>Vitamina A en forma de betacarotenos, importante para la salud de la piel y la visi\u00f3n.<\/li>\n<li>Potasio, mineral que ayuda a regular la presi\u00f3n arterial.<\/li>\n<\/ul>\n<p><em><strong>\u201cEl consumo habitual de frutas se asocia con la prevenci\u00f3n de enfermedades no transmisibles como la diabetes, las enfermedades cardiovasculares y algunos tipos de c\u00e1ncer, adem\u00e1s de favorecer una adecuada digesti\u00f3n\u201d<\/strong><\/em>, agrega la nutricionista.<\/p>\n<p><strong>Beneficios de elegir frutas de estaci\u00f3n<\/strong><\/p>\n<p>Optar por frutas de estaci\u00f3n, como el durazno durante el verano mendocino, aporta m\u00faltiples beneficios:<\/p>\n<ul class=\"wp-block-list\">\n<li>Mayor frescura, sabor y calidad nutricional.<\/li>\n<li>Mejor aprovechamiento de los nutrientes.<\/li>\n<li>Menor impacto ambiental en la producci\u00f3n y el transporte.<\/li>\n<li>Incentivo a la producci\u00f3n local y regional.<\/li>\n<\/ul>\n<p>Adem\u00e1s, esta elecci\u00f3n favorece una alimentaci\u00f3n m\u00e1s variada, sostenible y accesible para la poblaci\u00f3n.<\/p>\n<p><strong>C\u00f3mo incorporar esta fruta en las comidas diarias<\/strong><\/p>\n<p>El durazno puede incluirse de diversas maneras dentro de una nutrici\u00f3n saludable:<\/p>\n<ul class=\"wp-block-list\">\n<li>Como fruta fresca sola o en ensaladas de frutas.<\/li>\n<li>Acompa\u00f1ado con yogur, queso untable o avena.<\/li>\n<li>En ensaladas combinadas con verduras, con el durazno fresco o cocinado en la plancha o wok.<\/li>\n<li>En preparaciones dulces caseras, como compotas o budines, con poco o sin agregado de az\u00facar.<\/li>\n<li>En platos salados o salsas agridulces, priorizando cocciones simples.<\/li>\n<\/ul>\n<p>Desde el Ministerio de Salud se recomienda consumir entre 2 y 3 porciones de frutas por d\u00eda, variar colores y tipos, priorizar las opciones frescas y de estaci\u00f3n, y mantenerlas visibles y listas para consumir como estrategia para fortalecer una alimentaci\u00f3n cotidiana m\u00e1s saludable.<\/p>\n<p>&nbsp;<\/p>\n<p><strong>Fuente t\u00e9cnica:<\/strong><br \/>\nLic. en Nutrici\u00f3n Camila Luna Etura (Mat. 1266)<br \/>\nUnidad de Enfermedades No Transmisibles<br \/>\nDirecci\u00f3n de Prevenci\u00f3n y Promoci\u00f3n de la Salud<\/p>\n","protected":false},"excerpt":{"rendered":"<p>Con la reanudaci\u00f3n de la exportaci\u00f3n de durazno fresco desde Mendoza hacia Dub\u00e1i y los Emiratos \u00c1rabes Unidos, el Ministerio de &#8230;<\/p>\n","protected":false},"author":7,"featured_media":157598,"comment_status":"open","ping_status":"open","sticky":false,"template":"","format":"standard","meta":{"footnotes":""},"categories":[1],"tags":[],"class_list":["post-157597","post","type-post","status-publish","format-standard","has-post-thumbnail","hentry","category-fmvinas"],"_links":{"self":[{"href":"https:\/\/vinasfm.com\/noticias\/wp-json\/wp\/v2\/posts\/157597","targetHints":{"allow":["GET"]}}],"collection":[{"href":"https:\/\/vinasfm.com\/noticias\/wp-json\/wp\/v2\/posts"}],"about":[{"href":"https:\/\/vinasfm.com\/noticias\/wp-json\/wp\/v2\/types\/post"}],"author":[{"embeddable":true,"href":"https:\/\/vinasfm.com\/noticias\/wp-json\/wp\/v2\/users\/7"}],"replies":[{"embeddable":true,"href":"https:\/\/vinasfm.com\/noticias\/wp-json\/wp\/v2\/comments?post=157597"}],"version-history":[{"count":1,"href":"https:\/\/vinasfm.com\/noticias\/wp-json\/wp\/v2\/posts\/157597\/revisions"}],"predecessor-version":[{"id":157599,"href":"https:\/\/vinasfm.com\/noticias\/wp-json\/wp\/v2\/posts\/157597\/revisions\/157599"}],"wp:featuredmedia":[{"embeddable":true,"href":"https:\/\/vinasfm.com\/noticias\/wp-json\/wp\/v2\/media\/157598"}],"wp:attachment":[{"href":"https:\/\/vinasfm.com\/noticias\/wp-json\/wp\/v2\/media?parent=157597"}],"wp:term":[{"taxonomy":"category","embeddable":true,"href":"https:\/\/vinasfm.com\/noticias\/wp-json\/wp\/v2\/categories?post=157597"},{"taxonomy":"post_tag","embeddable":true,"href":"https:\/\/vinasfm.com\/noticias\/wp-json\/wp\/v2\/tags?post=157597"}],"curies":[{"name":"wp","href":"https:\/\/api.w.org\/{rel}","templated":true}]}}