{"id":157574,"date":"2026-02-06T12:02:55","date_gmt":"2026-02-06T15:02:55","guid":{"rendered":"https:\/\/vinasfm.com\/noticias\/?p=157574"},"modified":"2026-02-09T08:54:20","modified_gmt":"2026-02-09T11:54:20","slug":"emergencia-agropecuaria-para-productores-afectados-por-contigencias-climaticas","status":"publish","type":"post","link":"https:\/\/vinasfm.com\/noticias\/emergencia-agropecuaria-para-productores-afectados-por-contigencias-climaticas\/","title":{"rendered":"EMERGENCIA AGROPECUARIA PARA PRODUCTORES AFECTADOS POR CONTIGENCIAS CLIM\u00c1TICAS"},"content":{"rendered":"<h4><strong>Desde la Direcci\u00f3n de Agricultura de la Municipalidad de General Alvear se inform\u00f3 que se ha decretado la emergencia agropecuaria para los productores afectados por heladas y granizo en el departamento.<\/strong><\/h4>\n<p>El director del \u00e1rea, Agust\u00edn Anzorena, explic\u00f3 que la mayor\u00eda de los da\u00f1os registrados corresponden a heladas. Los productores con p\u00e9rdidas de entre el 50 y el 79% ser\u00e1n considerados en emergencia agropecuaria, mientras que aquellos con da\u00f1os del 80 al 100% ingresan en situaci\u00f3n de desastre econ\u00f3mico.<\/p>\n<p>Entre los beneficios establecidos por la provincia se encuentran la exenci\u00f3n del canon de irrigaci\u00f3n, la suspensi\u00f3n de pagos ante ATM y la pr\u00f3rroga de cuotas para productores que tengan cr\u00e9ditos con organismos oficiales. Adem\u00e1s, este viernes comenz\u00f3 el pago del Fondo Compensador Agr\u00edcola para quienes registraron da\u00f1os de entre el 90 y el 100%.<\/p>\n<p>Anzorena se\u00f1al\u00f3 que en General Alvear se contabilizaron cerca de 980 denuncias por da\u00f1os de helada y granizo, estimando que m\u00e1s del 70% de los productores afectados se encuentra dentro de las categor\u00edas de emergencia o desastre.<\/p>\n<p>Desde el \u00e1rea recordaron que los productores deben cargar su CBU en la p\u00e1gina de Contingencias Clim\u00e1ticas para poder percibir los pagos, www.mendoza.gov.ar\/contingencias\/ y que quienes necesiten asistencia pueden acercarse a las oficinas habilitadas en el Tecnosum de Bowen, la Direcci\u00f3n de Agricultura en el municipio o la Direcci\u00f3n de Contingencias Clim\u00e1ticas, ubicada en Olascoaga 172.<\/p>\n","protected":false},"excerpt":{"rendered":"<p>Desde la Direcci\u00f3n de Agricultura de la Municipalidad de General Alvear se inform\u00f3 que se ha decretado la emergencia agropecuaria para &#8230;<\/p>\n","protected":false},"author":7,"featured_media":152530,"comment_status":"open","ping_status":"open","sticky":false,"template":"","format":"standard","meta":{"footnotes":""},"categories":[14,10],"tags":[],"class_list":["post-157574","post","type-post","status-publish","format-standard","has-post-thumbnail","hentry","category-agro","category-destacadas"],"_links":{"self":[{"href":"https:\/\/vinasfm.com\/noticias\/wp-json\/wp\/v2\/posts\/157574","targetHints":{"allow":["GET"]}}],"collection":[{"href":"https:\/\/vinasfm.com\/noticias\/wp-json\/wp\/v2\/posts"}],"about":[{"href":"https:\/\/vinasfm.com\/noticias\/wp-json\/wp\/v2\/types\/post"}],"author":[{"embeddable":true,"href":"https:\/\/vinasfm.com\/noticias\/wp-json\/wp\/v2\/users\/7"}],"replies":[{"embeddable":true,"href":"https:\/\/vinasfm.com\/noticias\/wp-json\/wp\/v2\/comments?post=157574"}],"version-history":[{"count":1,"href":"https:\/\/vinasfm.com\/noticias\/wp-json\/wp\/v2\/posts\/157574\/revisions"}],"predecessor-version":[{"id":157575,"href":"https:\/\/vinasfm.com\/noticias\/wp-json\/wp\/v2\/posts\/157574\/revisions\/157575"}],"wp:featuredmedia":[{"embeddable":true,"href":"https:\/\/vinasfm.com\/noticias\/wp-json\/wp\/v2\/media\/152530"}],"wp:attachment":[{"href":"https:\/\/vinasfm.com\/noticias\/wp-json\/wp\/v2\/media?parent=157574"}],"wp:term":[{"taxonomy":"category","embeddable":true,"href":"https:\/\/vinasfm.com\/noticias\/wp-json\/wp\/v2\/categories?post=157574"},{"taxonomy":"post_tag","embeddable":true,"href":"https:\/\/vinasfm.com\/noticias\/wp-json\/wp\/v2\/tags?post=157574"}],"curies":[{"name":"wp","href":"https:\/\/api.w.org\/{rel}","templated":true}]}}