{"id":157556,"date":"2026-02-06T08:34:33","date_gmt":"2026-02-06T11:34:33","guid":{"rendered":"https:\/\/vinasfm.com\/noticias\/?p=157556"},"modified":"2026-02-06T08:34:33","modified_gmt":"2026-02-06T11:34:33","slug":"vialidad-mendoza-finalizo-la-demarcacion-del-puente-de-carga-pesada-de-alvear","status":"publish","type":"post","link":"https:\/\/vinasfm.com\/noticias\/vialidad-mendoza-finalizo-la-demarcacion-del-puente-de-carga-pesada-de-alvear\/","title":{"rendered":"VIALIDAD MENDOZA FINALIZ\u00d3 LA DEMARCACI\u00d3N DEL PUENTE DE CARGA PESADA DE ALVEAR"},"content":{"rendered":"<h4 class=\"wp-block-heading\"><span style=\"color: #003300;\"><strong>La nueva estructura, reconstruida desde la fundaci\u00f3n, qued\u00f3 concluida con los est\u00e1ndares de seguridad vial necesarios.<\/strong><\/span><\/h4>\n<p>Luego de concluir el a\u00f1o pasado el puente de Calle 7, v\u00eda que funciona como el desv\u00edo de carga pesada en el departamento de General Alvear, <strong>Vialidad Mendoza finaliz\u00f3 la demarcaci\u00f3n vial de la estructura.\u00a0<\/strong><\/p>\n<p>El viejo puente <strong>debi\u00f3 ser demolido y construir uno nuevo desde su fundaci\u00f3n luego que la vieja estructura existente acusara fallas estructurales que obligaron a demolerlo<\/strong> por completo y avanzar en la construcci\u00f3n de uno nuevo desde la fundaci\u00f3n.<\/p>\n<p>Ubicado en la v\u00eda que permite a los camiones pasar sin demoras de la Ruta Nacional 143 a la RN 188 y viceversa evitando as\u00ed la zona c\u00e9ntrica de la ciudad de General Alvear, <strong>el puente est\u00e1 sobre un canal aluvional seco que en temporales de la \u00e9poca estival puede descargar gran cantidad de agua.<\/strong><\/p>\n<p>La obra finalizada no solo es clave para el transporte comercial de cargas en general sino para las rutas ganaderas del secano mendocino, que en su mayor\u00eda est\u00e1n ubicadas en el departamento de General Alvear y todas desembocan en la Ruta Nacional 188 que tiene conexi\u00f3n directa con el desv\u00edo de carga pesada.<\/p>\n","protected":false},"excerpt":{"rendered":"<p>La nueva estructura, reconstruida desde la fundaci\u00f3n, qued\u00f3 concluida con los est\u00e1ndares de seguridad vial necesarios. Luego de concluir el a\u00f1o &#8230;<\/p>\n","protected":false},"author":7,"featured_media":157557,"comment_status":"open","ping_status":"open","sticky":false,"template":"","format":"standard","meta":{"footnotes":""},"categories":[1],"tags":[],"class_list":["post-157556","post","type-post","status-publish","format-standard","has-post-thumbnail","hentry","category-fmvinas"],"_links":{"self":[{"href":"https:\/\/vinasfm.com\/noticias\/wp-json\/wp\/v2\/posts\/157556","targetHints":{"allow":["GET"]}}],"collection":[{"href":"https:\/\/vinasfm.com\/noticias\/wp-json\/wp\/v2\/posts"}],"about":[{"href":"https:\/\/vinasfm.com\/noticias\/wp-json\/wp\/v2\/types\/post"}],"author":[{"embeddable":true,"href":"https:\/\/vinasfm.com\/noticias\/wp-json\/wp\/v2\/users\/7"}],"replies":[{"embeddable":true,"href":"https:\/\/vinasfm.com\/noticias\/wp-json\/wp\/v2\/comments?post=157556"}],"version-history":[{"count":1,"href":"https:\/\/vinasfm.com\/noticias\/wp-json\/wp\/v2\/posts\/157556\/revisions"}],"predecessor-version":[{"id":157558,"href":"https:\/\/vinasfm.com\/noticias\/wp-json\/wp\/v2\/posts\/157556\/revisions\/157558"}],"wp:featuredmedia":[{"embeddable":true,"href":"https:\/\/vinasfm.com\/noticias\/wp-json\/wp\/v2\/media\/157557"}],"wp:attachment":[{"href":"https:\/\/vinasfm.com\/noticias\/wp-json\/wp\/v2\/media?parent=157556"}],"wp:term":[{"taxonomy":"category","embeddable":true,"href":"https:\/\/vinasfm.com\/noticias\/wp-json\/wp\/v2\/categories?post=157556"},{"taxonomy":"post_tag","embeddable":true,"href":"https:\/\/vinasfm.com\/noticias\/wp-json\/wp\/v2\/tags?post=157556"}],"curies":[{"name":"wp","href":"https:\/\/api.w.org\/{rel}","templated":true}]}}