{"id":157520,"date":"2026-02-04T09:36:06","date_gmt":"2026-02-04T12:36:06","guid":{"rendered":"https:\/\/vinasfm.com\/noticias\/?p=157520"},"modified":"2026-02-06T11:31:00","modified_gmt":"2026-02-06T14:31:00","slug":"en-el-marco-de-los-90-anos-de-la-vendimia-la-subsecretaria-de-cultura-destaco-a-cinco-departamentos","status":"publish","type":"post","link":"https:\/\/vinasfm.com\/noticias\/en-el-marco-de-los-90-anos-de-la-vendimia-la-subsecretaria-de-cultura-destaco-a-cinco-departamentos\/","title":{"rendered":"EN EL MARCO DE LOS 90 A\u00d1OS DE LA VENDIMIA, LA SUBSECRETAR\u00cdA DE CULTURA DESTAC\u00d3 A CINCO DEPARTAMENTOS"},"content":{"rendered":"<h4 class=\"wp-block-heading\"><span style=\"color: #003300;\"><strong>Siguen los reconocimientos departamentales y homenajes a las reinas y virreinas nacionales.<\/strong><\/span><\/h4>\n<p>La Subsecretar\u00eda de Cultura de Mendoza realiz\u00f3 la entrega de reconocimientos a los municipios de <strong>Rivadavia, Las Heras, General Alvear, Maip\u00fa y Tunuy\u00e1n<\/strong>, en el marco de sus fiestas departamentales, por su aporte a la cultura mendocina. Las acciones se inscriben en la conmemoraci\u00f3n de los 90 a\u00f1os de la Fiesta Nacional de la Vendimia.<strong> En General Alvear, adem\u00e1s, se llev\u00f3 a cabo el descubrimiento de una placa conmemorativa en homenaje a las reinas y virreinas nacionales del departamento.<\/strong><\/p>\n<p>Durante el fin de semana y hasta el lunes, estos cinco departamentos fueron protagonistas de los festejos vendimiales. En ese contexto, los reconocimientos fueron entregados por el <em>ministro de Educaci\u00f3n, Cultura, Infancias y DGE<\/em>, <span style=\"color: #003366;\"><strong>Tadeo Garc\u00eda Salazar<\/strong><\/span>; <em>el subsecretario de Cultura<\/em>, <span style=\"color: #003366;\"><strong>Diego Gareca<\/strong><\/span>; <em>y la directora de Gesti\u00f3n Territorial<\/em>, <span style=\"color: #003366;\"><strong>Laura Uano<\/strong><\/span>. Tambi\u00e9n participaron la <em>Reina Nacional de la Vendimia<\/em>, <span style=\"color: #003366;\"><strong>Alejandrina Funes<\/strong><\/span>, y la<strong> Virreina Nacional de la Vendimia<\/strong>,<span style=\"color: #003366;\"><strong> Sof\u00eda Perfumo<\/strong><\/span>, como parte de las acciones conmemorativas impulsadas por el Gobierno de Mendoza.<\/p>\n<p>El jueves 29, la Municipalidad de Rivadavia celebr\u00f3 su fiesta departamental <strong>\u201cMi Rivadavia\u2026 es as\u00ed\u201d<\/strong>. En ese marco, las autoridades provinciales entregaron un reconocimiento al intendente Ricardo Manzur, en reconocimiento al compromiso del municipio, sus artistas y los hacedores culturales que formaron parte de un espect\u00e1culo de gran nivel, especialmente en un a\u00f1o significativo para la Vendimia.<\/p>\n<p>El viernes 30 fue el turno de Las Heras, que recibi\u00f3 el reconocimiento oficial por la realizaci\u00f3n de su fiesta departamental <strong>\u201cVendimia de mi gente trabajadora\u201d<\/strong>. La distinci\u00f3n, entregada al intendente Francisco Lo Presti, destac\u00f3 el trabajo sostenido del departamento en la promoci\u00f3n de la cultura, la tradici\u00f3n vendimial y la participaci\u00f3n comunitaria.<\/p>\n<p>El s\u00e1bado 31 se desarroll\u00f3 en General Alvear la fiesta<strong> \u201cAtuel, abrazo de Vendimia\u201d<\/strong>, una propuesta que tom\u00f3 al r\u00edo Atuel como s\u00edmbolo de vida y esperanza, en di\u00e1logo con el trabajo vitivin\u00edcola y la fe, expresada en el agradecimiento a la Virgen de la Carrodilla. En ese marco, se entreg\u00f3 un reconocimiento al intendente Alejandro Molero, en una celebraci\u00f3n que reafirm\u00f3 el valor cultural y simb\u00f3lico de la Vendimia para la regi\u00f3n.<\/p>\n<p>El lunes se celebraron las vendimias departamentales de Tunuy\u00e1n y Maip\u00fa, reprogramadas por contingencias clim\u00e1ticas. En Tunuy\u00e1n, el intendente Emir Andraos recibi\u00f3 el reconocimiento de la Subsecretar\u00eda de Cultura durante la fiesta<strong> \u201cVendimia en el tiempo\u201d<\/strong>, por el valor cultural que el departamento aporta, desde sus or\u00edgenes, a la fiesta m\u00e1xima de los mendocinos.<\/p>\n<p>Por su parte, Maip\u00fa tambi\u00e9n fue distinguido por su aporte a la cultura de Mendoza, en el marco de la vendimia <strong>\u201cEl legado de nuestra historia\u201d<\/strong>. La distinci\u00f3n fue recibida por autoridades departamentales.<\/p>\n<p>Los reconocimientos forman parte de un conjunto de noventa acciones vendimiales impulsadas por la Subsecretar\u00eda de Cultura de Mendoza para conmemorar los 90 a\u00f1os de la Fiesta Nacional de la Vendimia, celebraci\u00f3n que desde 1936 simboliza el trabajo vitivin\u00edcola, la identidad cultural y el sentido de pertenencia de los mendocinos.<\/p>\n<p><a href=\"https:\/\/vinasfm.com\/noticias\/wp-content\/uploads\/2026\/02\/Placa-General-Alvear-1280x960-1.jpg\"><img loading=\"lazy\" decoding=\"async\" class=\"alignnone size-large wp-image-157523\" src=\"https:\/\/vinasfm.com\/noticias\/wp-content\/uploads\/2026\/02\/Placa-General-Alvear-1280x960-1-1024x768.jpg\" alt=\"\" width=\"1024\" height=\"768\" srcset=\"https:\/\/vinasfm.com\/noticias\/wp-content\/uploads\/2026\/02\/Placa-General-Alvear-1280x960-1-1024x768.jpg 1024w, https:\/\/vinasfm.com\/noticias\/wp-content\/uploads\/2026\/02\/Placa-General-Alvear-1280x960-1-300x225.jpg 300w, https:\/\/vinasfm.com\/noticias\/wp-content\/uploads\/2026\/02\/Placa-General-Alvear-1280x960-1-768x576.jpg 768w, https:\/\/vinasfm.com\/noticias\/wp-content\/uploads\/2026\/02\/Placa-General-Alvear-1280x960-1.jpg 1280w\" sizes=\"auto, (max-width: 1024px) 100vw, 1024px\" \/><\/a><\/p>\n<p><strong>General Alvear: homenaje a las reinas y virreinas nacionales del departamento<\/strong><\/p>\n<p>En el marco de los festejos por los 90 a\u00f1os de la Fiesta Nacional de la Vendimia, la Subsecretar\u00eda de Cultura, junto con la Municipalidad de General Alvear, realiz\u00f3 un acto de homenaje a mujeres del departamento que, a trav\u00e9s de su mandato como reinas y virreinas nacionales, han representado y difundido la identidad cultural mendocina a nivel nacional e internacional.<\/p>\n<p>El acto tuvo lugar el 31 de enero en el Paseo del Artesano y cont\u00f3 con la participaci\u00f3n del intendente Alejandro Molero; la directora de Gesti\u00f3n Territorial de la Subsecretar\u00eda de Cultura, Laura Uano; la Reina Nacional de la Vendimia, Alejandrina Funes; y la Virreina Nacional de la Vendimia, Sof\u00eda Perfumo, adem\u00e1s de autoridades provinciales, municipales y referentes del \u00e1mbito cultural.<\/p>\n<p>Durante la jornada se descubri\u00f3 una placa conmemorativa en homenaje a las reinas y virreinas nacionales del departamento, en el marco de una agenda de homenajes impulsada por la Subsecretar\u00eda de Cultura en distintos departamentos de la provincia.<\/p>\n<p>La iniciativa busca visibilizar el aporte hist\u00f3rico de las reinas y virreinas nacionales que, tras cumplir su mandato, han sido portavoces de la identidad cultural, la producci\u00f3n y el trabajo vitivin\u00edcola de Mendoza. De este modo, General Alvear se suma a una agenda de alcance provincial que pone en valor la tradici\u00f3n vendimial y a sus principales referentes.<\/p>\n","protected":false},"excerpt":{"rendered":"<p>Siguen los reconocimientos departamentales y homenajes a las reinas y virreinas nacionales. La Subsecretar\u00eda de Cultura de Mendoza realiz\u00f3 la entrega &#8230;<\/p>\n","protected":false},"author":7,"featured_media":157522,"comment_status":"open","ping_status":"open","sticky":false,"template":"","format":"standard","meta":{"footnotes":""},"categories":[19,25],"tags":[],"class_list":["post-157520","post","type-post","status-publish","format-standard","has-post-thumbnail","hentry","category-cultura","category-vendimia"],"_links":{"self":[{"href":"https:\/\/vinasfm.com\/noticias\/wp-json\/wp\/v2\/posts\/157520","targetHints":{"allow":["GET"]}}],"collection":[{"href":"https:\/\/vinasfm.com\/noticias\/wp-json\/wp\/v2\/posts"}],"about":[{"href":"https:\/\/vinasfm.com\/noticias\/wp-json\/wp\/v2\/types\/post"}],"author":[{"embeddable":true,"href":"https:\/\/vinasfm.com\/noticias\/wp-json\/wp\/v2\/users\/7"}],"replies":[{"embeddable":true,"href":"https:\/\/vinasfm.com\/noticias\/wp-json\/wp\/v2\/comments?post=157520"}],"version-history":[{"count":1,"href":"https:\/\/vinasfm.com\/noticias\/wp-json\/wp\/v2\/posts\/157520\/revisions"}],"predecessor-version":[{"id":157524,"href":"https:\/\/vinasfm.com\/noticias\/wp-json\/wp\/v2\/posts\/157520\/revisions\/157524"}],"wp:featuredmedia":[{"embeddable":true,"href":"https:\/\/vinasfm.com\/noticias\/wp-json\/wp\/v2\/media\/157522"}],"wp:attachment":[{"href":"https:\/\/vinasfm.com\/noticias\/wp-json\/wp\/v2\/media?parent=157520"}],"wp:term":[{"taxonomy":"category","embeddable":true,"href":"https:\/\/vinasfm.com\/noticias\/wp-json\/wp\/v2\/categories?post=157520"},{"taxonomy":"post_tag","embeddable":true,"href":"https:\/\/vinasfm.com\/noticias\/wp-json\/wp\/v2\/tags?post=157520"}],"curies":[{"name":"wp","href":"https:\/\/api.w.org\/{rel}","templated":true}]}}