{"id":157510,"date":"2026-02-04T08:57:27","date_gmt":"2026-02-04T11:57:27","guid":{"rendered":"https:\/\/vinasfm.com\/noticias\/?p=157510"},"modified":"2026-02-06T11:32:20","modified_gmt":"2026-02-06T14:32:20","slug":"idesa-ugacoop-abrio-las-inscripciones-para-el-ciclo-lectivo-2026","status":"publish","type":"post","link":"https:\/\/vinasfm.com\/noticias\/idesa-ugacoop-abrio-las-inscripciones-para-el-ciclo-lectivo-2026\/","title":{"rendered":"IDESA UGACOOP ABRI\u00d3 LAS INSCRIPCIONES PARA EL CICLO LECTIVO 2026"},"content":{"rendered":"<h4><strong>El Instituto de Educaci\u00f3n Superior Alvear inform\u00f3 que ya se encuentran abiertas las inscripciones para el ciclo lectivo 2026. El rector, Carlos Raimondi, confirm\u00f3 el inicio del proceso y se\u00f1al\u00f3 que \u201cya hemos empezado con las inscripciones y la actividad administrativa\u201d, invitando a la comunidad a interiorizarse sobre la propuesta educativa.<\/strong><\/h4>\n<p>Las personas interesadas pueden acercarse a la instituci\u00f3n o realizar consultas a trav\u00e9s del sitio web<strong><span style=\"color: #333399;\"> www.idesaugacoop.com.ar<\/span><\/strong> , donde se encuentra disponible informaci\u00f3n detallada sobre las carreras y el proceso de inscripci\u00f3n.<\/p>\n<p>La instituci\u00f3n ofrece carreras de modalidad presencial, con una duraci\u00f3n de tres a\u00f1os. Actualmente, la oferta acad\u00e9mica incluye las tecnicaturas en Biotecnolog\u00eda, Dise\u00f1o de Indumentaria y Mecatr\u00f3nica.<\/p>\n<p>En cuanto al acceso, la cursada es gratuita, y los estudiantes solo deben abonar una inscripci\u00f3n anual de diez mil pesos, destinada a gastos administrativos.<\/p>\n<p>Raimondi destac\u00f3 la importancia de que las familias se acerquen a conocer la instituci\u00f3n. <em><strong>\u201cEs conveniente que se arrimen, que charlen con los coordinadores, que conozcan un poco m\u00e1s de las carreras, los horarios y las ventajas\u201d<\/strong><\/em>, sostuvo, valorando adem\u00e1s el acompa\u00f1amiento de los padres: <em><strong>\u201ccada vez se ve m\u00e1s el acompa\u00f1amiento de los padres en las decisiones de los alumnos, y eso lo vemos como algo muy positivo\u201d<\/strong>.<\/em><\/p>\n<p>Desde la pr\u00f3xima semana, se incorporar\u00e1n docentes y coordinadores de carrera, quienes estar\u00e1n disponibles para brindar informaci\u00f3n m\u00e1s detallada sobre contenidos, horarios y alcances de cada propuesta.<\/p>\n","protected":false},"excerpt":{"rendered":"<p>El Instituto de Educaci\u00f3n Superior Alvear inform\u00f3 que ya se encuentran abiertas las inscripciones para el ciclo lectivo 2026. El rector, &#8230;<\/p>\n","protected":false},"author":7,"featured_media":157512,"comment_status":"open","ping_status":"open","sticky":false,"template":"","format":"standard","meta":{"footnotes":""},"categories":[18,196],"tags":[],"class_list":["post-157510","post","type-post","status-publish","format-standard","has-post-thumbnail","hentry","category-educacion","category-ugacoop"],"_links":{"self":[{"href":"https:\/\/vinasfm.com\/noticias\/wp-json\/wp\/v2\/posts\/157510","targetHints":{"allow":["GET"]}}],"collection":[{"href":"https:\/\/vinasfm.com\/noticias\/wp-json\/wp\/v2\/posts"}],"about":[{"href":"https:\/\/vinasfm.com\/noticias\/wp-json\/wp\/v2\/types\/post"}],"author":[{"embeddable":true,"href":"https:\/\/vinasfm.com\/noticias\/wp-json\/wp\/v2\/users\/7"}],"replies":[{"embeddable":true,"href":"https:\/\/vinasfm.com\/noticias\/wp-json\/wp\/v2\/comments?post=157510"}],"version-history":[{"count":1,"href":"https:\/\/vinasfm.com\/noticias\/wp-json\/wp\/v2\/posts\/157510\/revisions"}],"predecessor-version":[{"id":157513,"href":"https:\/\/vinasfm.com\/noticias\/wp-json\/wp\/v2\/posts\/157510\/revisions\/157513"}],"wp:featuredmedia":[{"embeddable":true,"href":"https:\/\/vinasfm.com\/noticias\/wp-json\/wp\/v2\/media\/157512"}],"wp:attachment":[{"href":"https:\/\/vinasfm.com\/noticias\/wp-json\/wp\/v2\/media?parent=157510"}],"wp:term":[{"taxonomy":"category","embeddable":true,"href":"https:\/\/vinasfm.com\/noticias\/wp-json\/wp\/v2\/categories?post=157510"},{"taxonomy":"post_tag","embeddable":true,"href":"https:\/\/vinasfm.com\/noticias\/wp-json\/wp\/v2\/tags?post=157510"}],"curies":[{"name":"wp","href":"https:\/\/api.w.org\/{rel}","templated":true}]}}