{"id":157506,"date":"2026-02-03T21:04:16","date_gmt":"2026-02-04T00:04:16","guid":{"rendered":"https:\/\/vinasfm.com\/noticias\/?p=157506"},"modified":"2026-02-03T21:04:16","modified_gmt":"2026-02-04T00:04:16","slug":"mendoza-declaro-la-emergencia-agropecuaria-por-heladas-y-granizo","status":"publish","type":"post","link":"https:\/\/vinasfm.com\/noticias\/mendoza-declaro-la-emergencia-agropecuaria-por-heladas-y-granizo\/","title":{"rendered":"MENDOZA DECLAR\u00d3 LA EMERGENCIA AGROPECUARIA POR HELADAS Y GRANIZO"},"content":{"rendered":"<p>La emergencia agropecuaria alcanza a productores de todas las regiones que sufrieron fuertes p\u00e9rdidas en el 2025\/2026.<\/p>\n<p>La provincia declar\u00f3 el estado de emergencia agropecuaria por los da\u00f1os causados en zonas productivas durante el 2025 y el 2026. Imagen ilustrativa.<\/p>\n<p>Estas \u00e1reas fueron evaluadas tras constatarse p\u00e9rdidas significativas en cultivos, principalmente por heladas tard\u00edas y episodios de granizo que afectaron el normal desarrollo de la temporada agr\u00edcola.<\/p>\n<h4>Zonas declaradas en emergencia agropecuaria<\/h4>\n<p>En los casos donde los da\u00f1os fueron iguales o superiores al 80% de la producci\u00f3n, el Gobierno provincial declar\u00f3 el estado de desastre agropecuario. Esta categor\u00eda comprende sectores puntuales de los oasis productivos de Mendoza, con especial incidencia en zonas del Valle de Uco, el Este, el Norte y el Sur.<\/p>\n<p>Departamentos como Tunuy\u00e1n, Tupungato, Jun\u00edn, Rivadavia, San Mart\u00edn, Santa Rosa, Lavalle, Maip\u00fa, General Alvear y San Rafael figuran entre los m\u00e1s afectados, seg\u00fan el relevamiento oficial.<\/p>\n<h4>Beneficios y alivio para los productores afectados<\/h4>\n<p>Los productores que cuenten con el certificado de da\u00f1os, otorgado por la Direcci\u00f3n de Contingencias Clim\u00e1ticas, podr\u00e1n acceder a los beneficios previstos en los art\u00edculos 11 al 26 de la Ley N\u00ba 9083. Entre las principales medidas se incluyen:<\/p>\n<p>Eximici\u00f3n del pago de impuestos provinciales<\/p>\n<p>Descuentos en los c\u00e1nones de riego y electricidad<\/p>\n<p>Suspensi\u00f3n de juicios y ejecuciones fiscales<\/p>\n<p>Otras herramientas de alivio financiero y administrativo<\/p>\n<p>Plazos de vigencia de la medida<\/p>\n<p>Un punto clave de la resoluci\u00f3n es el per\u00edodo de vigencia de los estados declarados. En el caso de heladas, la emergencia agropecuaria abarcan desde el 1 de diciembre de 2025 hasta el 31 de marzo de 2027. Para los da\u00f1os provocados por granizo, el plazo se extiende desde el 1 de enero de 2026 hasta el 31 de marzo de 2027.<\/p>\n<p>Los productores con el certificado de da\u00f1os podr\u00e1n acceder a los beneficios previstos por la emergencia agropecuaria. Imagen ilustrativa.<\/p>\n<p>El Ejecutivo provincial remarc\u00f3 que la medida busca sostener la actividad productiva, preservar las econom\u00edas regionales y acompa\u00f1ar a los productores en un contexto clim\u00e1tico adverso que volvi\u00f3 a golpear con fuerza al sector agropecuario mendocino.<\/p>\n<h6><span style=\"color: #00ccff;\">Fuente: Diario UNO<\/span><\/h6>\n","protected":false},"excerpt":{"rendered":"<p>La emergencia agropecuaria alcanza a productores de todas las regiones que sufrieron fuertes p\u00e9rdidas en el 2025\/2026. La provincia declar\u00f3 el &#8230;<\/p>\n","protected":false},"author":7,"featured_media":157507,"comment_status":"open","ping_status":"open","sticky":false,"template":"","format":"standard","meta":{"footnotes":""},"categories":[1],"tags":[],"class_list":["post-157506","post","type-post","status-publish","format-standard","has-post-thumbnail","hentry","category-fmvinas"],"_links":{"self":[{"href":"https:\/\/vinasfm.com\/noticias\/wp-json\/wp\/v2\/posts\/157506","targetHints":{"allow":["GET"]}}],"collection":[{"href":"https:\/\/vinasfm.com\/noticias\/wp-json\/wp\/v2\/posts"}],"about":[{"href":"https:\/\/vinasfm.com\/noticias\/wp-json\/wp\/v2\/types\/post"}],"author":[{"embeddable":true,"href":"https:\/\/vinasfm.com\/noticias\/wp-json\/wp\/v2\/users\/7"}],"replies":[{"embeddable":true,"href":"https:\/\/vinasfm.com\/noticias\/wp-json\/wp\/v2\/comments?post=157506"}],"version-history":[{"count":1,"href":"https:\/\/vinasfm.com\/noticias\/wp-json\/wp\/v2\/posts\/157506\/revisions"}],"predecessor-version":[{"id":157508,"href":"https:\/\/vinasfm.com\/noticias\/wp-json\/wp\/v2\/posts\/157506\/revisions\/157508"}],"wp:featuredmedia":[{"embeddable":true,"href":"https:\/\/vinasfm.com\/noticias\/wp-json\/wp\/v2\/media\/157507"}],"wp:attachment":[{"href":"https:\/\/vinasfm.com\/noticias\/wp-json\/wp\/v2\/media?parent=157506"}],"wp:term":[{"taxonomy":"category","embeddable":true,"href":"https:\/\/vinasfm.com\/noticias\/wp-json\/wp\/v2\/categories?post=157506"},{"taxonomy":"post_tag","embeddable":true,"href":"https:\/\/vinasfm.com\/noticias\/wp-json\/wp\/v2\/tags?post=157506"}],"curies":[{"name":"wp","href":"https:\/\/api.w.org\/{rel}","templated":true}]}}