{"id":157500,"date":"2026-02-03T11:59:23","date_gmt":"2026-02-03T14:59:23","guid":{"rendered":"https:\/\/vinasfm.com\/noticias\/?p=157500"},"modified":"2026-02-03T11:59:23","modified_gmt":"2026-02-03T14:59:23","slug":"vuelven-las-nochecitas-de-picnic-con-propuestas-culturales-y-recreativas-para-toda-la-comunidad","status":"publish","type":"post","link":"https:\/\/vinasfm.com\/noticias\/vuelven-las-nochecitas-de-picnic-con-propuestas-culturales-y-recreativas-para-toda-la-comunidad\/","title":{"rendered":"VUELVEN LAS \u201cNOCHECITAS DE PICNIC\u201d CON PROPUESTAS CULTURALES Y RECREATIVAS PARA TODA LA COMUNIDAD"},"content":{"rendered":"<p><span style=\"color: #003300;\"><strong>En di\u00e1logo con FM VI\u00d1AS, la asesora de Juventud del municipio, Milagros Nieto, confirm\u00f3 el regreso de las tradicionales <em>Nochecitas de Picnic<\/em>, una propuesta cultural y recreativa que recorrer\u00e1 distintos puntos del departamento durante febrero, con actividades gratuitas y pensadas especialmente para j\u00f3venes y familias.<\/strong><\/span><\/p>\n<p>Nieto explic\u00f3 que la iniciativa surge a partir de una clara decisi\u00f3n pol\u00edtica del intendente <span style=\"color: #003366;\"><strong>Alejandro Molero<\/strong><\/span>, basada en la cercan\u00eda con los vecinos, la presencia activa en el territorio y la convicci\u00f3n de que el Estado debe generar propuestas accesibles y descentralizadas para toda la comunidad.<strong><em> \u201cEntendemos la participaci\u00f3n fundamental que tienen los j\u00f3venes en este tipo de eventos, pero siempre son espacios pensados para toda la familia\u201d<\/em><\/strong>, destac\u00f3.<\/p>\n<p>El cronograma comenzar\u00e1 esta semana y se desarrollar\u00e1 en distintos distritos. <strong>El jueves 5 de febrero la actividad tendr\u00e1 lugar en San Pedro del Atuel, en la Plaza Alejo Vladimir Abutcov; el viernes 6 se trasladar\u00e1 a Alvear Oeste, en la Plaza Manuel Belgrano; el s\u00e1bado 7 ser\u00e1 el turno de Bowen, en la intersecci\u00f3n de avenida Sarmiento y Centenario; y el viernes 13 se realizar\u00e1 en Ciudad, en el Paseo de los Artesanos. En todos los casos, las actividades se extender\u00e1n de 20 a 00 horas.<\/strong><\/p>\n<p><a href=\"https:\/\/vinasfm.com\/noticias\/wp-content\/uploads\/2026\/02\/IMG-20260130-WA0037.jpg\"><img loading=\"lazy\" decoding=\"async\" class=\"wp-image-157501 aligncenter\" src=\"https:\/\/vinasfm.com\/noticias\/wp-content\/uploads\/2026\/02\/IMG-20260130-WA0037-819x1024.jpg\" alt=\"\" width=\"504\" height=\"630\" srcset=\"https:\/\/vinasfm.com\/noticias\/wp-content\/uploads\/2026\/02\/IMG-20260130-WA0037-819x1024.jpg 819w, https:\/\/vinasfm.com\/noticias\/wp-content\/uploads\/2026\/02\/IMG-20260130-WA0037-240x300.jpg 240w, https:\/\/vinasfm.com\/noticias\/wp-content\/uploads\/2026\/02\/IMG-20260130-WA0037-768x960.jpg 768w, https:\/\/vinasfm.com\/noticias\/wp-content\/uploads\/2026\/02\/IMG-20260130-WA0037-1229x1536.jpg 1229w, https:\/\/vinasfm.com\/noticias\/wp-content\/uploads\/2026\/02\/IMG-20260130-WA0037.jpg 1280w\" sizes=\"auto, (max-width: 504px) 100vw, 504px\" \/><\/a><\/p>\n<p>Cada jornada contar\u00e1 con food trucks, artesanos, sorteos, DJs y la participaci\u00f3n de artistas locales, con una propuesta pensada para disfrutar al aire libre. Desde la organizaci\u00f3n invitan a los vecinos a asistir con reposera, mate y en compa\u00f1\u00eda de familiares y amigos.<\/p>\n<p><strong><em>\u201cLa idea es que sea un cierre de vacaciones inolvidable, sobre todo para los adolescentes y j\u00f3venes, antes del inicio de clases\u201d<\/em><\/strong>, se\u00f1al\u00f3 <span style=\"color: #003366;\"><strong>Nieto<\/strong><\/span>, quien adem\u00e1s remarc\u00f3 la importancia de fomentar el uso y el cuidado de los espacios p\u00fablicos.<strong><em> \u201cCuando generamos este tipo de actividades, tambi\u00e9n trabajamos para que la comunidad se apropie y cuide esos lugares\u201d<\/em><\/strong>, agreg\u00f3.<\/p>\n<p>Finalmente, la asesora de Juventud destac\u00f3 que espacios como el Boulevard, el Puente del R\u00edo y otras \u00e1reas recreativas ya son puntos de encuentro habituales para j\u00f3venes y familias, y que las Nochecitas de Picnic vienen a potenciar ese uso con propuestas art\u00edsticas y culturales.<em><strong> \u201cLos esperamos a todos este fin de semana y el pr\u00f3ximo para disfrutar de estas noches pensadas para compartir\u201d<\/strong><\/em>, concluy\u00f3.<\/p>\n<p>&nbsp;<\/p>\n","protected":false},"excerpt":{"rendered":"<p>En di\u00e1logo con FM VI\u00d1AS, la asesora de Juventud del municipio, Milagros Nieto, confirm\u00f3 el regreso de las tradicionales Nochecitas de &#8230;<\/p>\n","protected":false},"author":7,"featured_media":157504,"comment_status":"open","ping_status":"open","sticky":false,"template":"","format":"standard","meta":{"footnotes":""},"categories":[1],"tags":[],"class_list":["post-157500","post","type-post","status-publish","format-standard","has-post-thumbnail","hentry","category-fmvinas"],"_links":{"self":[{"href":"https:\/\/vinasfm.com\/noticias\/wp-json\/wp\/v2\/posts\/157500","targetHints":{"allow":["GET"]}}],"collection":[{"href":"https:\/\/vinasfm.com\/noticias\/wp-json\/wp\/v2\/posts"}],"about":[{"href":"https:\/\/vinasfm.com\/noticias\/wp-json\/wp\/v2\/types\/post"}],"author":[{"embeddable":true,"href":"https:\/\/vinasfm.com\/noticias\/wp-json\/wp\/v2\/users\/7"}],"replies":[{"embeddable":true,"href":"https:\/\/vinasfm.com\/noticias\/wp-json\/wp\/v2\/comments?post=157500"}],"version-history":[{"count":3,"href":"https:\/\/vinasfm.com\/noticias\/wp-json\/wp\/v2\/posts\/157500\/revisions"}],"predecessor-version":[{"id":157505,"href":"https:\/\/vinasfm.com\/noticias\/wp-json\/wp\/v2\/posts\/157500\/revisions\/157505"}],"wp:featuredmedia":[{"embeddable":true,"href":"https:\/\/vinasfm.com\/noticias\/wp-json\/wp\/v2\/media\/157504"}],"wp:attachment":[{"href":"https:\/\/vinasfm.com\/noticias\/wp-json\/wp\/v2\/media?parent=157500"}],"wp:term":[{"taxonomy":"category","embeddable":true,"href":"https:\/\/vinasfm.com\/noticias\/wp-json\/wp\/v2\/categories?post=157500"},{"taxonomy":"post_tag","embeddable":true,"href":"https:\/\/vinasfm.com\/noticias\/wp-json\/wp\/v2\/tags?post=157500"}],"curies":[{"name":"wp","href":"https:\/\/api.w.org\/{rel}","templated":true}]}}