{"id":157496,"date":"2026-02-03T10:54:49","date_gmt":"2026-02-03T13:54:49","guid":{"rendered":"https:\/\/vinasfm.com\/noticias\/?p=157496"},"modified":"2026-02-03T10:54:49","modified_gmt":"2026-02-03T13:54:49","slug":"balance-positivo-de-la-temporada-mendoza-cerro-enero-con-un-62-de-ocupacion-turistica","status":"publish","type":"post","link":"https:\/\/vinasfm.com\/noticias\/balance-positivo-de-la-temporada-mendoza-cerro-enero-con-un-62-de-ocupacion-turistica\/","title":{"rendered":"BALANCE POSITIVO DE LA TEMPORADA: MENDOZA CERR\u00d3 ENERO CON UN 62% DE OCUPACI\u00d3N TUR\u00cdSTICA"},"content":{"rendered":"<h4><span style=\"color: #003300;\"><strong>En di\u00e1logo con FM VI\u00d1AS, el director de la Delegaci\u00f3n Sur del EMETUR, Carlos Weiner, realiz\u00f3 un balance del cierre de enero y destac\u00f3 que la temporada tur\u00edstica 2026 muestra n\u00fameros alentadores para la provincia de Mendoza.<\/strong><\/span><\/h4>\n<p>Seg\u00fan explic\u00f3, el promedio de ocupaci\u00f3n provincial alcanz\u00f3 el 62%, superando en dos puntos porcentuales al registrado en 2025, cuando se ubic\u00f3 en torno al 60%. <em><strong>\u201cPuede parecer poco, pero mantener e incluso mejorar los n\u00fameros es significativo, sobre todo teniendo en cuenta que Mendoza no es un destino de verano tradicional\u201d<\/strong><\/em>, se\u00f1al\u00f3 Weiner.<\/p>\n<p>En ese sentido, remarc\u00f3 que<strong> la provincia se caracteriza por ser un destino tur\u00edstico de 365 d\u00edas al a\u00f1o<\/strong>, con menor estacionalidad que otros puntos del pa\u00eds como la Costa Atl\u00e1ntica o C\u00f3rdoba. No obstante, reconoci\u00f3 que durante el verano se producen diferencias marcadas entre las distintas regiones.<\/p>\n<p>Las zonas rurales y de naturaleza fueron las m\u00e1s beneficiadas, con fuertes picos de ocupaci\u00f3n en San Rafael, Malarg\u00fce y el Valle de Uco. Tambi\u00e9n se destac\u00f3 la alta demanda en Potrerillos y a lo largo del corredor de la Ruta 7. En contrapartida, las ciudades, como la capital mendocina y sus alrededores, suelen verse m\u00e1s afectadas en esta \u00e9poca, ya que el turista prioriza espacios con agua, pileta, recreaci\u00f3n y contacto con la naturaleza.<\/p>\n<p>Weiner adelant\u00f3 que <strong>febrero se presenta con buenas perspectivas, impulsado por el feriado de Carnaval y la amplia agenda cultural y tur\u00edstica vinculada a la Vendimia<\/strong>, que se extender\u00e1 hasta el 8 de marzo. Luego, los feriados de marzo y Semana Santa aparecen como nuevas oportunidades para sostener la ocupaci\u00f3n.<\/p>\n<p>En este contexto, el funcionario destac\u00f3 las acciones promocionales realizadas en destinos estrat\u00e9gicos como Jes\u00fas Mar\u00eda y la Costa Atl\u00e1ntica \u2014Pinamar, Caril\u00f3, Mar de las Pampas y Villa Gesell\u2014, apuntando a captar al turista de nivel socioecon\u00f3mico ABC, que viaja varias veces al a\u00f1o y realiza escapadas cortas. <em><strong>\u201cHoy las familias deciden viajar con apenas 10 d\u00edas de anticipaci\u00f3n y por 4 o 5 d\u00edas. Ese es el nuevo paradigma del turismo\u201d<\/strong><\/em>, explic\u00f3.<\/p>\n<p>Respecto a la competencia entre provincias, <span style=\"color: #003366;\"><strong>Weiner<\/strong><\/span> se\u00f1al\u00f3 que Mendoza contin\u00faa fortaleciendo campa\u00f1as de promoci\u00f3n con propuestas accesibles en alojamiento, gastronom\u00eda y bodegas, con precios competitivos que permiten sostener la demanda en momentos de menor flujo tur\u00edstico. <strong><em>\u201cLa idea es acompa\u00f1ar al prestador y evitar impactos fuertes, ofreciendo alternativas atractivas y de calidad\u201d<\/em><\/strong>, indic\u00f3.<\/p>\n<p>Adem\u00e1s, puso en valor el crecimiento del turismo joven y de eventos, destacando que Mendoza se ha consolidado como un destino clave para la m\u00fasica electr\u00f3nica y otros espect\u00e1culos, un p\u00fablico que luego regresa por la oferta cultural, gastron\u00f3mica y natural de la provincia.<\/p>\n<p>En otro tramo de la entrevista, el director del EMETUR subray\u00f3 las acciones de control y fiscalizaci\u00f3n realizadas recientemente en el sur provincial, particularmente en San Rafael, Valle Grande y Los Reyunos. El objetivo, explic\u00f3, <strong>es garantizar la legalidad de los prestadores y brindar seguridad al turista, evitando estafas y fortaleciendo la imagen de Mendoza como un destino confiable y maduro.<\/strong><\/p>\n<p>Finalmente, Weiner se refiri\u00f3 a las complicaciones generadas por las inclemencias clim\u00e1ticas, que provocaron da\u00f1os y cortes en rutas de acceso a distintos atractivos tur\u00edsticos. Reconoci\u00f3 que el clima fue <em><strong>\u201cparticularmente violento\u201d<\/strong> <\/em>este a\u00f1o, con m\u00faltiples contingencias simult\u00e1neas en la provincia. Sin embargo, destac\u00f3 el trabajo conjunto de Vialidad Provincial, la Direcci\u00f3n de Hidr\u00e1ulica, los municipios y otros organismos para restablecer la conectividad de manera segura, priorizando siempre la protecci\u00f3n de turistas y prestadores.<\/p>\n<p><em><strong>\u201cEntendemos la urgencia del sector, pero no podemos arriesgar cuando las condiciones no est\u00e1n dadas. La seguridad es fundamental\u201d<\/strong><\/em>, concluy\u00f3.<\/p>\n","protected":false},"excerpt":{"rendered":"<p>En di\u00e1logo con FM VI\u00d1AS, el director de la Delegaci\u00f3n Sur del EMETUR, Carlos Weiner, realiz\u00f3 un balance del cierre de &#8230;<\/p>\n","protected":false},"author":7,"featured_media":157498,"comment_status":"open","ping_status":"open","sticky":false,"template":"","format":"standard","meta":{"footnotes":""},"categories":[1],"tags":[],"class_list":["post-157496","post","type-post","status-publish","format-standard","has-post-thumbnail","hentry","category-fmvinas"],"_links":{"self":[{"href":"https:\/\/vinasfm.com\/noticias\/wp-json\/wp\/v2\/posts\/157496","targetHints":{"allow":["GET"]}}],"collection":[{"href":"https:\/\/vinasfm.com\/noticias\/wp-json\/wp\/v2\/posts"}],"about":[{"href":"https:\/\/vinasfm.com\/noticias\/wp-json\/wp\/v2\/types\/post"}],"author":[{"embeddable":true,"href":"https:\/\/vinasfm.com\/noticias\/wp-json\/wp\/v2\/users\/7"}],"replies":[{"embeddable":true,"href":"https:\/\/vinasfm.com\/noticias\/wp-json\/wp\/v2\/comments?post=157496"}],"version-history":[{"count":2,"href":"https:\/\/vinasfm.com\/noticias\/wp-json\/wp\/v2\/posts\/157496\/revisions"}],"predecessor-version":[{"id":157499,"href":"https:\/\/vinasfm.com\/noticias\/wp-json\/wp\/v2\/posts\/157496\/revisions\/157499"}],"wp:featuredmedia":[{"embeddable":true,"href":"https:\/\/vinasfm.com\/noticias\/wp-json\/wp\/v2\/media\/157498"}],"wp:attachment":[{"href":"https:\/\/vinasfm.com\/noticias\/wp-json\/wp\/v2\/media?parent=157496"}],"wp:term":[{"taxonomy":"category","embeddable":true,"href":"https:\/\/vinasfm.com\/noticias\/wp-json\/wp\/v2\/categories?post=157496"},{"taxonomy":"post_tag","embeddable":true,"href":"https:\/\/vinasfm.com\/noticias\/wp-json\/wp\/v2\/tags?post=157496"}],"curies":[{"name":"wp","href":"https:\/\/api.w.org\/{rel}","templated":true}]}}