{"id":157487,"date":"2026-02-03T10:19:56","date_gmt":"2026-02-03T13:19:56","guid":{"rendered":"https:\/\/vinasfm.com\/noticias\/?p=157487"},"modified":"2026-02-03T10:19:56","modified_gmt":"2026-02-03T13:19:56","slug":"productores-ganaderos-del-sur-lograron-realizar-la-veranada-2025-26-conectados-a-internet-a-mas-de-4-000l-metros-de-altura","status":"publish","type":"post","link":"https:\/\/vinasfm.com\/noticias\/productores-ganaderos-del-sur-lograron-realizar-la-veranada-2025-26-conectados-a-internet-a-mas-de-4-000l-metros-de-altura\/","title":{"rendered":"PRODUCTORES GANADEROS DEL SUR LOGRARON REALIZAR LA VERANADA 2025\/26 CONECTADOS A INTERNET A M\u00c1S DE 4.000L METROS DE ALTURA"},"content":{"rendered":"<h4 class=\"wp-block-heading\"><span style=\"color: #003300;\"><strong>Fue gracias al \u00abPlan Conectar\u00bb, iniciativa impulsada desde el Ministerio de Producci\u00f3n, a trav\u00e9s de la COPROSAMEN y el Cl\u00faster Ganadero Mendoza. Ya son m\u00e1s de 550 los productores que accedieron al financiamiento de antenas de internet satelital Starlink y lograron mantenerse conectados a la red en zonas donde antes el servicio no llegaba.<\/strong><\/span><\/h4>\n<p>El Ministerio de Producci\u00f3n, a trav\u00e9s de la <strong>Direcci\u00f3n de Ganader\u00eda<\/strong>, sigue fortaleciendo la actividad ganadera mendocina llevando conectividad a zonas donde la red de internet habitualmente no llegaba. Es que, mediante el programa <em>\u201cConectar\u201d<\/em>, productores mendocinos lograron realizar, por primera vez, la veranada 2025\/26 conectados a la red a m\u00e1s de 4 mil metros de altura.<\/p>\n<p>Este importante avance para la actividad ganadera representa una oportunidad concreta para desarrollar sus actividades sin que ello implique estar largos per\u00edodos de tiempo sin contacto con sus familiares y seres queridos.<\/p>\n<p>La veranada<strong> es una pr\u00e1ctica tradicional ganadera de trashumancia que se realiza en la cordillera de los Andes, entre Argentina y Chile, a m\u00e1s de 4 mil metros de altura.<\/strong> Hasta ese punto, los productores llevan sus cabras y ovejas para aprovechar los pastos tiernos y el agua disponible tras el deshielo de las intensas nevadas producidas, principalmente, durante el per\u00edodo invernal.<\/p>\n<p><strong><span style=\"color: #003366;\">Jorge Vargas<\/span><\/strong> y <span style=\"color: #003366;\"><strong>Elio Navarro<\/strong><\/span>, productores ganaderos del Sur mendocino, destacaron la experiencia como algo muy distinto, m\u00e1s tranquilo y seguro, gracias a que de manera constante mantuvieron contacto con sus familiares.<\/p>\n<p>Pero esto no fue lo \u00fanico a destacar, sino que, adem\u00e1s, Navarro pudo llevar, por primera vez, a su hijo, <span style=\"color: #003366;\"><strong>Uriel Navarro<\/strong><\/span>, a ser parte de esta traves\u00eda. <em><strong>\u201cAntes, por cuestiones de seguridad y por la falta de posibilidades de comunicaci\u00f3n ante una emergencia, no era posible tomar el riesgo de llevarlo\u201d<\/strong><\/em>, resalt\u00f3.<\/p>\n<p>Las antenas Starlink, financiadas por el Ministerio de Producci\u00f3n a trav\u00e9s de la COPROSAMEN y el Cl\u00faster Ganadero, son trasladadas en mulas y se cargan gracias a paneles fotovoltaicos adquiridos por los propios productores. Una vez que llegan al lugar, las instalan para seguir contando con el servicio satelital durante todo el proceso.<\/p>\n<p>En este marco, el <em>ministro de Producci\u00f3n<\/em>, <strong><span style=\"color: #003366;\">Rodolfo Vargas Arizu<\/span><\/strong>, remarc\u00f3: <em><strong>\u201cFelicitaciones a estos productores ganaderos por el gran esfuerzo que est\u00e1n haciendo para convertir esta actividad en una de las que mayor crecimiento est\u00e1 registrando en la provincia. Incorporar tecnolog\u00eda al desarrollo diario de las labores hace que estas sean m\u00e1s seguras y permite a las familias mantenerse conectadas en todo momento\u201d.<\/strong><\/em><\/p>\n<p><a href=\"https:\/\/vinasfm.com\/noticias\/wp-content\/uploads\/2026\/02\/WhatsApp-Image-2026-02-02-at-13.40.18-1.jpeg\"><img loading=\"lazy\" decoding=\"async\" class=\"wp-image-157488 aligncenter\" src=\"https:\/\/vinasfm.com\/noticias\/wp-content\/uploads\/2026\/02\/WhatsApp-Image-2026-02-02-at-13.40.18-1.jpeg\" alt=\"\" width=\"630\" height=\"576\" srcset=\"https:\/\/vinasfm.com\/noticias\/wp-content\/uploads\/2026\/02\/WhatsApp-Image-2026-02-02-at-13.40.18-1.jpeg 780w, https:\/\/vinasfm.com\/noticias\/wp-content\/uploads\/2026\/02\/WhatsApp-Image-2026-02-02-at-13.40.18-1-300x275.jpeg 300w, https:\/\/vinasfm.com\/noticias\/wp-content\/uploads\/2026\/02\/WhatsApp-Image-2026-02-02-at-13.40.18-1-768x703.jpeg 768w\" sizes=\"auto, (max-width: 630px) 100vw, 630px\" \/><\/a><\/p>\n<p><strong>Sobre el programa<\/strong><\/p>\n<p>Ya a finales de 2025, el Gobierno de Mendoza hab\u00eda hecho entrega de m\u00e1s de 550 antenas a productores ganaderos de distintas partes de la provincia. La iniciativa lleva conectividad a zonas ganaderas donde el servicio no llega.<\/p>\n<p>Un dato no menor tiene que ver con que, del total de las antenas ya entregadas, el 41 % fue destinado a productores de la zona Sur. La propuesta reduce la brecha digital, fortalece el arraigo y potencia la productividad.<\/p>\n<p>La iniciativa impulsada desde la cartera de Vargas Arizu incluy\u00f3 a 120 escuelas que antes no contaban con conexi\u00f3n. Esto permite que las familias vivan, trabajen y estudien conectadas.<\/p>\n","protected":false},"excerpt":{"rendered":"<p>Fue gracias al \u00abPlan Conectar\u00bb, iniciativa impulsada desde el Ministerio de Producci\u00f3n, a trav\u00e9s de la COPROSAMEN y el Cl\u00faster Ganadero &#8230;<\/p>\n","protected":false},"author":7,"featured_media":157489,"comment_status":"open","ping_status":"open","sticky":false,"template":"","format":"standard","meta":{"footnotes":""},"categories":[1],"tags":[],"class_list":["post-157487","post","type-post","status-publish","format-standard","has-post-thumbnail","hentry","category-fmvinas"],"_links":{"self":[{"href":"https:\/\/vinasfm.com\/noticias\/wp-json\/wp\/v2\/posts\/157487","targetHints":{"allow":["GET"]}}],"collection":[{"href":"https:\/\/vinasfm.com\/noticias\/wp-json\/wp\/v2\/posts"}],"about":[{"href":"https:\/\/vinasfm.com\/noticias\/wp-json\/wp\/v2\/types\/post"}],"author":[{"embeddable":true,"href":"https:\/\/vinasfm.com\/noticias\/wp-json\/wp\/v2\/users\/7"}],"replies":[{"embeddable":true,"href":"https:\/\/vinasfm.com\/noticias\/wp-json\/wp\/v2\/comments?post=157487"}],"version-history":[{"count":1,"href":"https:\/\/vinasfm.com\/noticias\/wp-json\/wp\/v2\/posts\/157487\/revisions"}],"predecessor-version":[{"id":157490,"href":"https:\/\/vinasfm.com\/noticias\/wp-json\/wp\/v2\/posts\/157487\/revisions\/157490"}],"wp:featuredmedia":[{"embeddable":true,"href":"https:\/\/vinasfm.com\/noticias\/wp-json\/wp\/v2\/media\/157489"}],"wp:attachment":[{"href":"https:\/\/vinasfm.com\/noticias\/wp-json\/wp\/v2\/media?parent=157487"}],"wp:term":[{"taxonomy":"category","embeddable":true,"href":"https:\/\/vinasfm.com\/noticias\/wp-json\/wp\/v2\/categories?post=157487"},{"taxonomy":"post_tag","embeddable":true,"href":"https:\/\/vinasfm.com\/noticias\/wp-json\/wp\/v2\/tags?post=157487"}],"curies":[{"name":"wp","href":"https:\/\/api.w.org\/{rel}","templated":true}]}}