{"id":157475,"date":"2026-02-03T09:31:23","date_gmt":"2026-02-03T12:31:23","guid":{"rendered":"https:\/\/vinasfm.com\/noticias\/?p=157475"},"modified":"2026-02-03T09:31:23","modified_gmt":"2026-02-03T12:31:23","slug":"robaron-una-bicicleta-en-general-alvear","status":"publish","type":"post","link":"https:\/\/vinasfm.com\/noticias\/robaron-una-bicicleta-en-general-alvear\/","title":{"rendered":"ROBARON UNA BICICLETA EN GENERAL ALVEAR"},"content":{"rendered":"<p data-start=\"45\" data-end=\"241\">Un hecho de robo fue denunciado durante la madrugada del martes en el departamento de General Alvear. El episodio ocurri\u00f3 alrededor de las <strong data-start=\"184\" data-end=\"199\">00:50 horas<\/strong> y tom\u00f3 intervenci\u00f3n la <strong data-start=\"223\" data-end=\"240\">Comisar\u00eda 14\u00aa<\/strong>.<\/p>\n<p data-start=\"243\" data-end=\"420\">Seg\u00fan la informaci\u00f3n policial, el hecho se registr\u00f3 en <strong data-start=\"298\" data-end=\"315\">calle Laprida<\/strong>, donde un joven identificado como <strong data-start=\"350\" data-end=\"372\">R.G.A., de 20 a\u00f1os<\/strong>, fue v\u00edctima de la sustracci\u00f3n de su bicicleta.<\/p>\n<p data-start=\"422\" data-end=\"661\">De acuerdo a la rese\u00f1a, el damnificado hab\u00eda dejado el rodado <strong data-start=\"484\" data-end=\"552\">sin medidas de seguridad en el patio de la vivienda de una amiga<\/strong> y posteriormente se dirigi\u00f3 a su lugar de trabajo. Al regresar, constat\u00f3 que la bicicleta hab\u00eda sido robada.<\/p>\n<p data-start=\"663\" data-end=\"803\" data-is-last-node=\"\" data-is-only-node=\"\">En la causa interviene el <strong data-start=\"689\" data-end=\"720\">Ayudante Fiscal Dr. Carrizo<\/strong>, quien dispuso las actuaciones correspondientes para avanzar con la investigaci\u00f3n.<\/p>\n","protected":false},"excerpt":{"rendered":"<p>Un hecho de robo fue denunciado durante la madrugada del martes en el departamento de General Alvear. El episodio ocurri\u00f3 alrededor &#8230;<\/p>\n","protected":false},"author":7,"featured_media":157481,"comment_status":"open","ping_status":"open","sticky":false,"template":"","format":"standard","meta":{"footnotes":""},"categories":[1],"tags":[],"class_list":["post-157475","post","type-post","status-publish","format-standard","has-post-thumbnail","hentry","category-fmvinas"],"_links":{"self":[{"href":"https:\/\/vinasfm.com\/noticias\/wp-json\/wp\/v2\/posts\/157475","targetHints":{"allow":["GET"]}}],"collection":[{"href":"https:\/\/vinasfm.com\/noticias\/wp-json\/wp\/v2\/posts"}],"about":[{"href":"https:\/\/vinasfm.com\/noticias\/wp-json\/wp\/v2\/types\/post"}],"author":[{"embeddable":true,"href":"https:\/\/vinasfm.com\/noticias\/wp-json\/wp\/v2\/users\/7"}],"replies":[{"embeddable":true,"href":"https:\/\/vinasfm.com\/noticias\/wp-json\/wp\/v2\/comments?post=157475"}],"version-history":[{"count":2,"href":"https:\/\/vinasfm.com\/noticias\/wp-json\/wp\/v2\/posts\/157475\/revisions"}],"predecessor-version":[{"id":157482,"href":"https:\/\/vinasfm.com\/noticias\/wp-json\/wp\/v2\/posts\/157475\/revisions\/157482"}],"wp:featuredmedia":[{"embeddable":true,"href":"https:\/\/vinasfm.com\/noticias\/wp-json\/wp\/v2\/media\/157481"}],"wp:attachment":[{"href":"https:\/\/vinasfm.com\/noticias\/wp-json\/wp\/v2\/media?parent=157475"}],"wp:term":[{"taxonomy":"category","embeddable":true,"href":"https:\/\/vinasfm.com\/noticias\/wp-json\/wp\/v2\/categories?post=157475"},{"taxonomy":"post_tag","embeddable":true,"href":"https:\/\/vinasfm.com\/noticias\/wp-json\/wp\/v2\/tags?post=157475"}],"curies":[{"name":"wp","href":"https:\/\/api.w.org\/{rel}","templated":true}]}}