{"id":157441,"date":"2026-02-02T08:56:01","date_gmt":"2026-02-02T11:56:01","guid":{"rendered":"https:\/\/vinasfm.com\/noticias\/?p=157441"},"modified":"2026-02-02T08:56:01","modified_gmt":"2026-02-02T11:56:01","slug":"malestar-en-parte-de-la-comunidad-tras-el-uso-de-fuegos-artificiales-en-la-fiesta-departamental-de-la-vendimia-2026-en-general-alvear","status":"publish","type":"post","link":"https:\/\/vinasfm.com\/noticias\/malestar-en-parte-de-la-comunidad-tras-el-uso-de-fuegos-artificiales-en-la-fiesta-departamental-de-la-vendimia-2026-en-general-alvear\/","title":{"rendered":"MALESTAR EN PARTE DE LA COMUNIDAD TRAS EL USO DE FUEGOS ARTIFICIALES EN LA FIESTA DEPARTAMENTAL DE LA VENDIMIA 2026 EN GENERAL ALVEAR"},"content":{"rendered":"<h4><span style=\"color: #003300;\"><strong>La Fiesta Departamental de la Vendimia 2026, celebrada este s\u00e1bado en la Plaza Departamental Carlos Mar\u00eda de Alvear en General Alvear con una masiva concurrencia y espect\u00e1culos art\u00edsticos, culmin\u00f3 con un espect\u00e1culo de fuegos artificiales que gener\u00f3 malestar en sectores de la comunidad alvearense. Esto se da en el marco de una normativa municipal que declar\u00f3 al departamento \u201cTerritorio Libre de Pirotecnia\u201d, prohibiendo el uso de fuegos artificiales con impacto sonoro en todo el \u00e1mbito local.\u00a0<\/strong><\/span><\/h4>\n<p>Tras la finalizaci\u00f3n de la festividad, m\u00faltiples vecinos expresaron su preocupaci\u00f3n y descontento en redes sociales por la utilizaci\u00f3n de pirotecnia sonora, haciendo hincapi\u00e9 en el incumplimiento de la normativa vigente y en los efectos del ruido sobre personas con sensibilidad auditiva, ni\u00f1os, adultos mayores y animales.<\/p>\n<p>Desde <em>CDB Animaciones<\/em>, la empresa encargada de distribuir la pirotecnia para el evento, su responsable Carlos Biole difundi\u00f3 un comunicado v\u00eda Facebook dirigido al intendente<span style=\"color: #003366;\"><strong> Alejandro Molero,<\/strong><\/span> a la <em>directora de Cultura<\/em> <span style=\"color: #003366;\"><strong>Mar\u00eda Delia Achetoni<\/strong><\/span> y a los habitantes de General Alvear, en el que ofreci\u00f3 disculpas p\u00fablicas por lo ocurrido. En el posteo, Biole explic\u00f3 que la Municipalidad hab\u00eda solicitado fuegos artificiales <strong>sin impacto sonoro<\/strong>, pero por <em><strong>\u201cuna equivocaci\u00f3n interna\u201d<\/strong><\/em> de sus proveedores se envi\u00f3 un producto distinto al requerido, lo cual provoc\u00f3 las molestias registradas. El empresario asumi\u00f3 la responsabilidad exclusiva por este error y asegur\u00f3 que no correspondi\u00f3 a una falla de la organizaci\u00f3n ni de las autoridades municipales. Asimismo, indic\u00f3 que han iniciado una revisi\u00f3n exhaustiva de sus procesos internos para evitar que situaciones similares se repitan y manifestaron su disposici\u00f3n a hacerse cargo del perjuicio ocasionado.<\/p>\n<p>La publicaci\u00f3n tambi\u00e9n subray\u00f3 que este tipo de eventos tienen gran significaci\u00f3n para la comunidad y lamentaron que <em><strong>\u201clo sucedido haya afectado el normal desarrollo de un evento tan significativo\u201d<\/strong><\/em>. En su mensaje, CDB Animaciones reiter\u00f3 sus disculpas a las autoridades municipales y a toda la poblaci\u00f3n alvearense.<\/p>\n<p>Autoridades municipales y organizadores no difundieron hasta el momento comentarios oficiales sobre las cr\u00edticas ni sobre eventuales medidas posteriores al incidente.<strong> La situaci\u00f3n genera un debate p\u00fablico que reaviva la discusi\u00f3n acerca del cumplimiento y control de las normativas locales sobre el uso de pirotecnia y la realizaci\u00f3n de espect\u00e1culos pirot\u00e9cnicos durante eventos culturales.\u00a0<\/strong><\/p>\n<h2>EL POSTEO<\/h2>\n<hr \/>\n<div dir=\"auto\" style=\"text-align: left;\"><em>Se\u00f1or Intendente Alejandro Molero, Se\u00f1ora Directora de Cultura Mar\u00eda Delia Achetoni y, especialmente, a los habitantes de General Alvear:<\/em><\/div>\n<div dir=\"auto\" style=\"text-align: left;\"><em>Por medio de la presente, nos dirigimos a ustedes para expresar nuestras m\u00e1s sinceras disculpas por los inconvenientes ocasionados durante la Vendimia 2026 de General Alvear, como consecuencia de un error cometido por nuestra empresa en el suministro del producto utilizado.<\/em><\/div>\n<div dir=\"auto\" style=\"text-align: left;\"><em>Es importante aclarar que la Municipalidad de General Alvear solicit\u00f3 oportunamente y de manera correcta fuegos artificiales sin impacto sonoro. Sin embargo, por una equivocaci\u00f3n interna de nuestros proveedores, se envi\u00f3 un producto distinto al requerido, situaci\u00f3n que gener\u00f3 las molestias conocidas.<\/em><\/div>\n<div dir=\"auto\" style=\"text-align: left;\"><em>Asumimos plena y exclusivamente la responsabilidad por este error, el cual fue netamente atribuible a nuestra firma y en ning\u00fan caso a la organizaci\u00f3n ni a las autoridades municipales. Lamentamos profundamente que lo sucedido haya afectado el normal desarrollo de un evento tan significativo para la comunidad.<\/em><\/div>\n<div dir=\"auto\" style=\"text-align: left;\"><em>Ante lo ocurrido, hemos iniciado una revisi\u00f3n exhaustiva de nuestros procesos internos a fin de evitar que situaciones similares vuelvan a repetirse. Asimismo, manifestamos nuestra total disposici\u00f3n de a hacernos cargo del perjuicio ocasionado y asumimos el no haber revisado dicho producto.<\/em><\/div>\n<div dir=\"auto\" style=\"text-align: left;\"><em>Consideramos fundamental dar a conocer a la poblaci\u00f3n de General Alvear lo acontecido, reafirmando que se trat\u00f3 de un error de nuestra empresa, y reiteramos nuestras m\u00e1s sinceras disculpas a las autoridades municipales y a toda la comunidad.<\/em><\/div>\n<div dir=\"auto\" style=\"text-align: left;\"><em>Saludamos atentamente<\/em><\/div>\n<div dir=\"auto\" style=\"text-align: left;\"><em>CDB Animaciones.<\/em><\/div>\n","protected":false},"excerpt":{"rendered":"<p>La Fiesta Departamental de la Vendimia 2026, celebrada este s\u00e1bado en la Plaza Departamental Carlos Mar\u00eda de Alvear en General Alvear &#8230;<\/p>\n","protected":false},"author":7,"featured_media":157442,"comment_status":"open","ping_status":"open","sticky":false,"template":"","format":"standard","meta":{"footnotes":""},"categories":[1],"tags":[],"class_list":["post-157441","post","type-post","status-publish","format-standard","has-post-thumbnail","hentry","category-fmvinas"],"_links":{"self":[{"href":"https:\/\/vinasfm.com\/noticias\/wp-json\/wp\/v2\/posts\/157441","targetHints":{"allow":["GET"]}}],"collection":[{"href":"https:\/\/vinasfm.com\/noticias\/wp-json\/wp\/v2\/posts"}],"about":[{"href":"https:\/\/vinasfm.com\/noticias\/wp-json\/wp\/v2\/types\/post"}],"author":[{"embeddable":true,"href":"https:\/\/vinasfm.com\/noticias\/wp-json\/wp\/v2\/users\/7"}],"replies":[{"embeddable":true,"href":"https:\/\/vinasfm.com\/noticias\/wp-json\/wp\/v2\/comments?post=157441"}],"version-history":[{"count":1,"href":"https:\/\/vinasfm.com\/noticias\/wp-json\/wp\/v2\/posts\/157441\/revisions"}],"predecessor-version":[{"id":157443,"href":"https:\/\/vinasfm.com\/noticias\/wp-json\/wp\/v2\/posts\/157441\/revisions\/157443"}],"wp:featuredmedia":[{"embeddable":true,"href":"https:\/\/vinasfm.com\/noticias\/wp-json\/wp\/v2\/media\/157442"}],"wp:attachment":[{"href":"https:\/\/vinasfm.com\/noticias\/wp-json\/wp\/v2\/media?parent=157441"}],"wp:term":[{"taxonomy":"category","embeddable":true,"href":"https:\/\/vinasfm.com\/noticias\/wp-json\/wp\/v2\/categories?post=157441"},{"taxonomy":"post_tag","embeddable":true,"href":"https:\/\/vinasfm.com\/noticias\/wp-json\/wp\/v2\/tags?post=157441"}],"curies":[{"name":"wp","href":"https:\/\/api.w.org\/{rel}","templated":true}]}}