{"id":157438,"date":"2026-02-02T08:28:01","date_gmt":"2026-02-02T11:28:01","guid":{"rendered":"https:\/\/vinasfm.com\/noticias\/?p=157438"},"modified":"2026-02-02T08:28:01","modified_gmt":"2026-02-02T11:28:01","slug":"un-jardin-diferente-la-transformacion-que-comienza-en-la-infancia-y-proyecta-futuro-para-toda-la-sociedad","status":"publish","type":"post","link":"https:\/\/vinasfm.com\/noticias\/un-jardin-diferente-la-transformacion-que-comienza-en-la-infancia-y-proyecta-futuro-para-toda-la-sociedad\/","title":{"rendered":"UN JARD\u00cdN DIFERENTE: LA TRANSFORMACI\u00d3N QUE COMIENZA EN LA INFANCIA Y PROYECTA FUTURO PARA TODA LA SOCIEDAD"},"content":{"rendered":"<h4 class=\"wp-block-heading\"><span style=\"color: #003300;\"><strong>La DGE proyecta acciones para fortalecer el nivel Inicial y mejorar los aprendizajes de los ni\u00f1os y ni\u00f1as en esta importante etapa educativa, conformando comunidades de aprendizajes entre familias, docentes, equipos directivos y otros sectores de la sociedad.<\/strong><\/span><\/h4>\n<p>La <strong>Direcci\u00f3n de Educaci\u00f3n Inicial<\/strong> <em>(DEI)<\/em> de la <strong>Direcci\u00f3n General de Escuelas<\/strong><em> (DGE)<\/em> pondr\u00e1 en marcha una iniciativa denominada <em>\u00abConstruyendo entre todos un jard\u00edn diferente\u00bb<\/em>, con el fin de ofrecer oportunidades de experiencias educativas en todas las jornadas cotidianas del nivel, generando el trabajo cooperativo de docentes, familias y comunidad y adoptando metodolog\u00edas activas e innovadoras.<\/p>\n<p>Desde la DEI expresaron que los jardines de infantes necesitan la cooperaci\u00f3n de las familias y de las redes comunitarias, para que los ni\u00f1os y ni\u00f1as tengan la oportunidad de aprender y puedan abordar el mundo de hoy.<\/p>\n<p><em><strong>\u201cNuestro objetivo m\u00e1s ambicioso es poder co-dise\u00f1ar y, si bien el Nivel Inicial viene avanzando a pasos agigantados en esta \u00faltima d\u00e9cada, vemos que probar con esta experiencia de conformar una comunidad de aprendizaje permitir\u00eda adentrarnos en un mayor protagonismo infantil y en un acompa\u00f1amiento parental y docente m\u00e1s s\u00f3lido, con m\u00e1s herramientas y preparaci\u00f3n para abordar significativamente las infancias actuales. Se proyecta comenzar en el ciclo lectivo 2026 con m\u00e1s de 50 jardines postulados, de gesti\u00f3n estatal y privada\u201d<\/strong><\/em>, dijo<strong><span style=\"color: #003366;\"> Marcelo Garc\u00eda<\/span><\/strong>,<em> director de Educaci\u00f3n Inicial.<\/em><\/p>\n<p>Entre las acciones previstas se destacan fortalecer el v\u00ednculo con docentes, ni\u00f1os y familias mediante mapas de empat\u00eda y redefinici\u00f3n de misi\u00f3n y visi\u00f3n institucional; capacitaci\u00f3n situada en servicio para instalar una cultura del pensamiento en docentes y familias, transferida cotidianamente a los ni\u00f1os; desarrollar aulas que sumen procesos ling\u00fc\u00edsticos y motricidad. Adem\u00e1s, generar proyectos de investigaci\u00f3n, acompa\u00f1ar trayectorias debilitadas y fortalecer la alfabetizaci\u00f3n integral.<\/p>\n<p><strong><em>\u201cUn jard\u00edn diferente no es solo un espacio educativo renovado, sino el germen de una comunidad que aprende, que se cuida y que se proyecta hacia un futuro con m\u00e1s sentido, m\u00e1s inclusi\u00f3n y m\u00e1s humanidad. Este es el compromiso que asumimos desde la Direcci\u00f3n de Educaci\u00f3n Inicial, junto a supervisores, directivos, docentes, familias, organizaciones y comunidad. Porque construir entre todos un jard\u00edn diferente es, en definitiva, construir entre todos un mundo mejor\u201d<\/em><\/strong>, concluy\u00f3 Marcelo Garc\u00eda.<\/p>\n","protected":false},"excerpt":{"rendered":"<p>La DGE proyecta acciones para fortalecer el nivel Inicial y mejorar los aprendizajes de los ni\u00f1os y ni\u00f1as en esta importante &#8230;<\/p>\n","protected":false},"author":7,"featured_media":157439,"comment_status":"open","ping_status":"open","sticky":false,"template":"","format":"standard","meta":{"footnotes":""},"categories":[1],"tags":[],"class_list":["post-157438","post","type-post","status-publish","format-standard","has-post-thumbnail","hentry","category-fmvinas"],"_links":{"self":[{"href":"https:\/\/vinasfm.com\/noticias\/wp-json\/wp\/v2\/posts\/157438","targetHints":{"allow":["GET"]}}],"collection":[{"href":"https:\/\/vinasfm.com\/noticias\/wp-json\/wp\/v2\/posts"}],"about":[{"href":"https:\/\/vinasfm.com\/noticias\/wp-json\/wp\/v2\/types\/post"}],"author":[{"embeddable":true,"href":"https:\/\/vinasfm.com\/noticias\/wp-json\/wp\/v2\/users\/7"}],"replies":[{"embeddable":true,"href":"https:\/\/vinasfm.com\/noticias\/wp-json\/wp\/v2\/comments?post=157438"}],"version-history":[{"count":1,"href":"https:\/\/vinasfm.com\/noticias\/wp-json\/wp\/v2\/posts\/157438\/revisions"}],"predecessor-version":[{"id":157440,"href":"https:\/\/vinasfm.com\/noticias\/wp-json\/wp\/v2\/posts\/157438\/revisions\/157440"}],"wp:featuredmedia":[{"embeddable":true,"href":"https:\/\/vinasfm.com\/noticias\/wp-json\/wp\/v2\/media\/157439"}],"wp:attachment":[{"href":"https:\/\/vinasfm.com\/noticias\/wp-json\/wp\/v2\/media?parent=157438"}],"wp:term":[{"taxonomy":"category","embeddable":true,"href":"https:\/\/vinasfm.com\/noticias\/wp-json\/wp\/v2\/categories?post=157438"},{"taxonomy":"post_tag","embeddable":true,"href":"https:\/\/vinasfm.com\/noticias\/wp-json\/wp\/v2\/tags?post=157438"}],"curies":[{"name":"wp","href":"https:\/\/api.w.org\/{rel}","templated":true}]}}