{"id":157423,"date":"2026-01-31T22:50:09","date_gmt":"2026-02-01T01:50:09","guid":{"rendered":"https:\/\/vinasfm.com\/noticias\/?p=157423"},"modified":"2026-01-31T22:50:09","modified_gmt":"2026-02-01T01:50:09","slug":"reconocimiento-a-reinas-virreinas-y-hacedores-culturales-de-vendimia","status":"publish","type":"post","link":"https:\/\/vinasfm.com\/noticias\/reconocimiento-a-reinas-virreinas-y-hacedores-culturales-de-vendimia\/","title":{"rendered":"RECONOCIMIENTO A REINAS, VIRREINAS Y HACEDORES CULTURALES DE VENDIMIA"},"content":{"rendered":"<p><span style=\"color: #003300;\"><strong>Esta ma\u00f1ana se realiz\u00f3 en el Paseo del Artesano un acto de reconocimiento a las Reinas y Virreinas Nacionales de General Alvear, en el marco de la conmemoraci\u00f3n de los 90 a\u00f1os de la Fiesta Nacional de la Vendimia.<\/strong><\/span><\/p>\n<p>La actividad tuvo como objetivo poner en valor la historia, la tradici\u00f3n y la representaci\u00f3n cultural que, a lo largo del tiempo, han sostenido las soberanas alvearenses, mujeres que <strong>fueron protagonistas de distintas etapas de la vida del departamento y que lo representaron con responsabilidad, compromiso y sentido de pertenencia.<\/strong><\/p>\n<p>Durante el encuentro, tambi\u00e9n se distingui\u00f3 a hacedores culturales por su aporte a la construcci\u00f3n de la identidad local, al fortalecimiento de la cultura y a la preservaci\u00f3n de las tradiciones vendimiales. En ese contexto, se realiz\u00f3 adem\u00e1s el descubrimiento de una placa en homenaje a las soberanas que dio General Alvear.<\/p>\n<p><a href=\"https:\/\/vinasfm.com\/noticias\/wp-content\/uploads\/2026\/01\/FB_IMG_1769910400534.jpg\"><img loading=\"lazy\" decoding=\"async\" class=\"alignnone size-large wp-image-157424\" src=\"https:\/\/vinasfm.com\/noticias\/wp-content\/uploads\/2026\/01\/FB_IMG_1769910400534-1024x683.jpg\" alt=\"\" width=\"1024\" height=\"683\" srcset=\"https:\/\/vinasfm.com\/noticias\/wp-content\/uploads\/2026\/01\/FB_IMG_1769910400534-1024x683.jpg 1024w, https:\/\/vinasfm.com\/noticias\/wp-content\/uploads\/2026\/01\/FB_IMG_1769910400534-300x200.jpg 300w, https:\/\/vinasfm.com\/noticias\/wp-content\/uploads\/2026\/01\/FB_IMG_1769910400534-768x512.jpg 768w, https:\/\/vinasfm.com\/noticias\/wp-content\/uploads\/2026\/01\/FB_IMG_1769910400534.jpg 1065w\" sizes=\"auto, (max-width: 1024px) 100vw, 1024px\" \/><\/a><\/p>\n<p>El acto fue encabezado por el intendente <span style=\"color: #003366;\"><strong>Alejandro<\/strong> <\/span><strong><span style=\"color: #003366;\">Molero<\/span>,<\/strong> quien estuvo acompa\u00f1ado por la directora de Gesti\u00f3n Territorial de la Subsecretar\u00eda de Cultura, <span style=\"color: #003366;\"><strong>Laura Uano<\/strong><\/span>; la directora de Cultura, <span style=\"color: #003366;\"><strong>Mar\u00eda Delia Achetoni<\/strong><\/span>; miembros del gabinete provincial y local; legisladores; la Reina Nacional de la Vendimia, <span style=\"color: #003366;\"><strong>Alejandrina Funes<\/strong><\/span>; la Reina Departamental y Virreina Nacional, <span style=\"color: #003366;\"><strong>Sof\u00eda Perfumo<\/strong><\/span>; la Virreina Departamental, <span style=\"color: #003366;\"><strong>Abril Vel\u00e1zquez<\/strong><\/span>; y candidatas departamentales.<\/p>\n<p>Los reconocimientos entregados fueron para:<\/p>\n<ul>\n<li>Marcos Salcedo, por su labor en el dise\u00f1o de carros aleg\u00f3ricos.<\/li>\n<li>Vilma Vega, por su aporte en guiones vendimiales.<\/li>\n<li>Adolfo S\u00e1nchez, por su trayectoria en locuci\u00f3n.<\/li>\n<li>Jorge Rubio y Yolanda Liria, por su trabajo como core\u00f3grafos.<\/li>\n<li>Mustaf\u00e1 Sol y Hern\u00e1n Sol, por su aporte art\u00edstico musical.<\/li>\n<li>Luis Alberto S\u00e1nchez Bast\u00edas, por su trayectoria en locuci\u00f3n.<\/li>\n<li>Hugo Mart\u00ednez, por su labor como director, guionista y actor.<\/li>\n<li>Junior Yllanes, por su direcci\u00f3n musical.<\/li>\n<li>Nora Crespillo, al cumplirse 50 a\u00f1os de su reinado.<\/li>\n<li>Adriana Hern\u00e1ndez, al cumplirse 30 a\u00f1os de su reinado.<\/li>\n<li>Nadia Gonz\u00e1lez, Virreina Nacional de la Vendimia 2013.<\/li>\n<\/ul>\n<p>La iniciativa busc\u00f3 reconocer el recorrido, el compromiso y el legado de quienes han sido parte fundamental de la Vendimia en General Alvear, reafirmando el valor de la cultura como expresi\u00f3n de identidad colectiva.<\/p>\n","protected":false},"excerpt":{"rendered":"<p>Esta ma\u00f1ana se realiz\u00f3 en el Paseo del Artesano un acto de reconocimiento a las Reinas y Virreinas Nacionales de General &#8230;<\/p>\n","protected":false},"author":7,"featured_media":157425,"comment_status":"open","ping_status":"open","sticky":false,"template":"","format":"standard","meta":{"footnotes":""},"categories":[1],"tags":[],"class_list":["post-157423","post","type-post","status-publish","format-standard","has-post-thumbnail","hentry","category-fmvinas"],"_links":{"self":[{"href":"https:\/\/vinasfm.com\/noticias\/wp-json\/wp\/v2\/posts\/157423","targetHints":{"allow":["GET"]}}],"collection":[{"href":"https:\/\/vinasfm.com\/noticias\/wp-json\/wp\/v2\/posts"}],"about":[{"href":"https:\/\/vinasfm.com\/noticias\/wp-json\/wp\/v2\/types\/post"}],"author":[{"embeddable":true,"href":"https:\/\/vinasfm.com\/noticias\/wp-json\/wp\/v2\/users\/7"}],"replies":[{"embeddable":true,"href":"https:\/\/vinasfm.com\/noticias\/wp-json\/wp\/v2\/comments?post=157423"}],"version-history":[{"count":1,"href":"https:\/\/vinasfm.com\/noticias\/wp-json\/wp\/v2\/posts\/157423\/revisions"}],"predecessor-version":[{"id":157426,"href":"https:\/\/vinasfm.com\/noticias\/wp-json\/wp\/v2\/posts\/157423\/revisions\/157426"}],"wp:featuredmedia":[{"embeddable":true,"href":"https:\/\/vinasfm.com\/noticias\/wp-json\/wp\/v2\/media\/157425"}],"wp:attachment":[{"href":"https:\/\/vinasfm.com\/noticias\/wp-json\/wp\/v2\/media?parent=157423"}],"wp:term":[{"taxonomy":"category","embeddable":true,"href":"https:\/\/vinasfm.com\/noticias\/wp-json\/wp\/v2\/categories?post=157423"},{"taxonomy":"post_tag","embeddable":true,"href":"https:\/\/vinasfm.com\/noticias\/wp-json\/wp\/v2\/tags?post=157423"}],"curies":[{"name":"wp","href":"https:\/\/api.w.org\/{rel}","templated":true}]}}