{"id":157419,"date":"2026-01-31T12:46:24","date_gmt":"2026-01-31T15:46:24","guid":{"rendered":"https:\/\/vinasfm.com\/noticias\/?p=157419"},"modified":"2026-01-31T12:46:24","modified_gmt":"2026-01-31T15:46:24","slug":"asi-sera-atuel-abrazo-de-vendimia","status":"publish","type":"post","link":"https:\/\/vinasfm.com\/noticias\/asi-sera-atuel-abrazo-de-vendimia\/","title":{"rendered":"AS\u00cd SER\u00c1 \u00abATUEL: ABRAZO DE VENDIMIA\u00bb"},"content":{"rendered":"<h4 data-start=\"108\" data-end=\"384\"><span style=\"color: #003300;\"><strong>En las horas previas a la gran Fiesta Departamental de la Vendimia, el equipo creativo del espect\u00e1culo dialog\u00f3 con FM VI\u00d1AS y comparti\u00f3 detalles del intenso trabajo, las emociones y el profundo mensaje que tendr\u00e1 la celebraci\u00f3n de esta noche en la Plaza Departamental.<\/strong><\/span><\/h4>\n<p data-start=\"386\" data-end=\"707\">La propuesta art\u00edstica est\u00e1 encabezada por <span style=\"color: #003366;\"><strong data-start=\"429\" data-end=\"447\">Natalia Olgu\u00edn<\/strong> <\/span>en la Direcci\u00f3n General, <span style=\"color: #003366;\"><strong data-start=\"473\" data-end=\"491\">Gabriela Garro<\/strong><\/span> a cargo del guion y la direcci\u00f3n actoral, y<span style=\"color: #003366;\"> <strong data-start=\"536\" data-end=\"556\">Macarena Vignati<\/strong> <\/span>en la coreograf\u00eda general. <strong><em>\u201cEstamos a full, ensayando y trabajando sin parar. Contentos, nerviosos y ansiosos para que llegue la noche\u201d<\/em><\/strong>, coincidieron.<\/p>\n<p data-start=\"709\" data-end=\"919\">Tras semanas de trabajo y ensayos intensos \u2014que incluso se adelantaron por contingencias clim\u00e1ticas\u2014 el equipo llega con tranquilidad y entusiasmo. <em><strong>\u201cEstamos muy relajados porque ya est\u00e1 todo listo\u201d<\/strong><\/em>, aseguraron.<\/p>\n<h3 data-start=\"921\" data-end=\"956\">UNA HISTORIA QUE NOS IDENTIFICA<\/h3>\n<p data-start=\"958\" data-end=\"1359\">El espect\u00e1culo propone un relato sensible y profundo: <strong data-start=\"1012\" data-end=\"1093\">un romance simb\u00f3lico entre Emilia, una trabajadora de la vi\u00f1a, y el r\u00edo Atuel<\/strong>, eje vital de la producci\u00f3n y la identidad local. A trav\u00e9s de la danza, la m\u00fasica y la actuaci\u00f3n, se reflejar\u00e1n el trabajo cotidiano, la esperanza, las dificultades clim\u00e1ticas \u2014heladas, tormentas\u2014 y el esfuerzo de los productores para llegar al final de la cosecha.<\/p>\n<p data-start=\"1361\" data-end=\"1660\"><em><strong>\u201cEs una historia que todos conocemos, porque habla de lo que vivimos como comunidad: la producci\u00f3n vitivin\u00edcola, la Vendimia y las contingencias clim\u00e1ticas que nos atraviesan\u201d<\/strong><\/em>, explicaron. El mensaje central es claro: <strong data-start=\"1579\" data-end=\"1598\">el agua es vida<\/strong>, y defenderla es defender nuestra identidad y nuestro futuro.<\/p>\n<h4 data-start=\"1662\" data-end=\"1692\">UNA GRAN APUESTA ART\u00cdSTICA<\/h4>\n<p data-start=\"1694\" data-end=\"2068\">En escena participar\u00e1n <strong data-start=\"1717\" data-end=\"1732\">60 artistas<\/strong>, entre bailarines, actores y m\u00fasicos, todos en su mayor\u00eda artistas alvearenses de distritos como Villa Atuel y Uni\u00f3n. La propuesta contar\u00e1 adem\u00e1s con <strong data-start=\"1883\" data-end=\"1901\">m\u00fasica en vivo<\/strong>, bajo la direcci\u00f3n musical de <strong data-start=\"1932\" data-end=\"1949\">Nicol\u00e1s Bello<\/strong> y la producci\u00f3n de <strong data-start=\"1969\" data-end=\"1985\">Maxi Gui\u00f1az\u00fa<\/strong>, con cantantes y m\u00fasicos que aportar\u00e1n una experiencia envolvente para el p\u00fablico.<\/p>\n<p data-start=\"2070\" data-end=\"2185\"><strong><em>\u201cEs una apuesta muy grande a lo tecnol\u00f3gico, con novedades y sorpresas que llegan directo al coraz\u00f3n\u201d<\/em><\/strong>, adelantaron.<\/p>\n<h3 data-start=\"2187\" data-end=\"2236\"><img loading=\"lazy\" decoding=\"async\" class=\"aligncenter\" src=\"https:\/\/statics.diariomendoza.com.ar\/2026\/01\/crop\/697a714ac5a7f__780x780.webp\" alt=\"General Alvear celebrar\u00e1 su Fiesta de la Vendimia 2026 este s\u00e1bado en la  plaza departamental - Diario Mendoza\" width=\"422\" height=\"528\" \/><\/h3>\n<p data-start=\"2238\" data-end=\"2590\">La planificaci\u00f3n del espect\u00e1culo comenz\u00f3 en <strong data-start=\"2282\" data-end=\"2306\">marzo del a\u00f1o pasado<\/strong>, con meses de preproducci\u00f3n, escritura del guion y armado del equipo. La selecci\u00f3n se realiz\u00f3 mediante <strong data-start=\"2410\" data-end=\"2440\">concurso p\u00fablico y casting<\/strong>, un hecho destacado por el equipo como un paso fundamental para dar lugar al talento local. <em><strong>\u201cAs\u00ed deber\u00eda ser en todos los departamentos\u201d<\/strong><\/em>, remarcaron.<\/p>\n<p data-start=\"2592\" data-end=\"2836\">Para muchos de los artistas, esta Vendimia representa un sue\u00f1o cumplido. <em><strong>\u201cPuede sonar clich\u00e9, pero el artista mendocino siempre sue\u00f1a con Vendimia. Es identidad, tradici\u00f3n y tambi\u00e9n un espacio laboral que defendemos con mucho amor\u201d<\/strong><\/em>, expresaron.<\/p>\n<h3 data-start=\"2838\" data-end=\"2872\">EMOCI\u00d3N, EXPECTATIVA Y ORGULLO<\/h3>\n<p data-start=\"2874\" data-end=\"3257\">A pocas horas de la funci\u00f3n, predominan la ansiedad y las ganas de compartir con el p\u00fablico lo vivido en los ensayos. <em><strong>\u201cLo que m\u00e1s esperamos es que la gente disfrute lo que nosotros ya disfrutamos en los ensayos generales\u201d<\/strong><\/em>, se\u00f1alaron, destacando tambi\u00e9n el acompa\u00f1amiento constante del p\u00fablico, que se acerc\u00f3 desde los primeros d\u00edas a observar los preparativos y aplaudir cada avance.<\/p>\n<p data-start=\"3259\" data-end=\"3529\">La fiesta contar\u00e1 adem\u00e1s con la presencia de las <strong data-start=\"3308\" data-end=\"3332\">soberanas nacionales<\/strong>, en una noche especial que marcar\u00e1 la despedida de los atributos departamentales de <strong data-start=\"3417\" data-end=\"3434\">Sof\u00eda Perfumo<\/strong>, Virreina Nacional de la Vendimia, a quien el equipo dedic\u00f3 esta Vendimia con especial cari\u00f1o.<\/p>\n","protected":false},"excerpt":{"rendered":"<p>En las horas previas a la gran Fiesta Departamental de la Vendimia, el equipo creativo del espect\u00e1culo dialog\u00f3 con FM VI\u00d1AS &#8230;<\/p>\n","protected":false},"author":7,"featured_media":157421,"comment_status":"open","ping_status":"open","sticky":false,"template":"","format":"standard","meta":{"footnotes":""},"categories":[1],"tags":[],"class_list":["post-157419","post","type-post","status-publish","format-standard","has-post-thumbnail","hentry","category-fmvinas"],"_links":{"self":[{"href":"https:\/\/vinasfm.com\/noticias\/wp-json\/wp\/v2\/posts\/157419","targetHints":{"allow":["GET"]}}],"collection":[{"href":"https:\/\/vinasfm.com\/noticias\/wp-json\/wp\/v2\/posts"}],"about":[{"href":"https:\/\/vinasfm.com\/noticias\/wp-json\/wp\/v2\/types\/post"}],"author":[{"embeddable":true,"href":"https:\/\/vinasfm.com\/noticias\/wp-json\/wp\/v2\/users\/7"}],"replies":[{"embeddable":true,"href":"https:\/\/vinasfm.com\/noticias\/wp-json\/wp\/v2\/comments?post=157419"}],"version-history":[{"count":2,"href":"https:\/\/vinasfm.com\/noticias\/wp-json\/wp\/v2\/posts\/157419\/revisions"}],"predecessor-version":[{"id":157422,"href":"https:\/\/vinasfm.com\/noticias\/wp-json\/wp\/v2\/posts\/157419\/revisions\/157422"}],"wp:featuredmedia":[{"embeddable":true,"href":"https:\/\/vinasfm.com\/noticias\/wp-json\/wp\/v2\/media\/157421"}],"wp:attachment":[{"href":"https:\/\/vinasfm.com\/noticias\/wp-json\/wp\/v2\/media?parent=157419"}],"wp:term":[{"taxonomy":"category","embeddable":true,"href":"https:\/\/vinasfm.com\/noticias\/wp-json\/wp\/v2\/categories?post=157419"},{"taxonomy":"post_tag","embeddable":true,"href":"https:\/\/vinasfm.com\/noticias\/wp-json\/wp\/v2\/tags?post=157419"}],"curies":[{"name":"wp","href":"https:\/\/api.w.org\/{rel}","templated":true}]}}