{"id":157412,"date":"2026-01-31T12:12:57","date_gmt":"2026-01-31T15:12:57","guid":{"rendered":"https:\/\/vinasfm.com\/noticias\/?p=157412"},"modified":"2026-02-02T10:16:24","modified_gmt":"2026-02-02T13:16:24","slug":"sofia-perfumo-entre-la-emocion-y-el-orgullo-de-un-ano-inolvidable-de-vendimia","status":"publish","type":"post","link":"https:\/\/vinasfm.com\/noticias\/sofia-perfumo-entre-la-emocion-y-el-orgullo-de-un-ano-inolvidable-de-vendimia\/","title":{"rendered":"SOF\u00cdA PERFUMO, ENTRE LA EMOCI\u00d3N Y EL ORGULLO DE UN A\u00d1O INOLVIDABLE DE VENDIMIA"},"content":{"rendered":"<h4><span style=\"color: #003300;\"><strong>En di\u00e1logo con FM VI\u00d1AS, Sof\u00eda Perfumo, Reina Departamental de General Alvear y Virreina Nacional de la Vendimia 2025, comparti\u00f3 sus sentimientos en una jornada cargada de emoci\u00f3n, recuerdos y reconocimientos, justo al cumplirse un a\u00f1o exacto desde que recibi\u00f3 la corona departamental.<\/strong><\/span><\/h4>\n<p><em><strong>\u201cArranqu\u00e9 desde temprano con mucha emoci\u00f3n\u201d<\/strong><\/em>, expres\u00f3 Sof\u00eda tras regresar desde la Ciudad de Mendoza.<strong><em> \u201cEstoy expectante por lo que va a pasar esta noche, porque han preparado algo muy lindo\u201d,<\/em><\/strong> agreg\u00f3 en referencia a la celebraci\u00f3n prevista en la Plaza Departamental, que llevar\u00e1 por nombre<strong><em> \u00abAtuel: abrazo de vendimia\u00bb.<\/em><\/strong><\/p>\n<blockquote><p><span style=\"color: #008080;\"><em><strong>\u201cMe voy con el alma llena, sabiendo que todo lo que viv\u00ed vali\u00f3 totalmente la pena\u201d<\/strong><\/em><\/span><\/p><\/blockquote>\n<p>La fecha no es una m\u00e1s: <strong>este 31 de enero se cumple un a\u00f1o exacto desde su coronaci\u00f3n como Reina Departamental<\/strong>, un camino que, seg\u00fan relat\u00f3, llev\u00f3 con<em><strong> \u201cmucho orgullo y responsabilidad<\/strong><\/em>\u201d a cada lugar que visit\u00f3.<em><strong> \u201cMe voy con el alma llena, sabiendo que todo lo que viv\u00ed vali\u00f3 totalmente la pena\u201d<\/strong><\/em>, afirm\u00f3.<\/p>\n<p>En ese repaso inevitable del a\u00f1o, tambi\u00e9n surgi\u00f3 el recuerdo de un emotivo posteo que comparti\u00f3 al ser coronada como Virreina Nacional, donde evocaba a su madre \u2014quien tambi\u00e9n fue reina departamental\u2014 y una frase escrita en su diario \u00edntimo de ni\u00f1a: <em>\u201cCuando sea grande quiero ser reina como mi mam\u00e1\u201d<\/em>. <em><strong>\u201cEs un sue\u00f1o cumplido\u201d<\/strong><\/em>, dijo Sof\u00eda, destacando adem\u00e1s que este a\u00f1o su madre celebra <strong>30 a\u00f1os de su reinado<\/strong>, motivo por el cual ambas recibieron un reconocimiento. <em><strong>\u201cPoder vivirlo juntas es un honor enorme\u201d.<\/strong><\/em><\/p>\n<p><a href=\"https:\/\/vinasfm.com\/noticias\/wp-content\/uploads\/2026\/01\/482948286_18493342264027384_4061770721532564782_n.jpg\"><img loading=\"lazy\" decoding=\"async\" class=\"wp-image-157413 aligncenter\" src=\"https:\/\/vinasfm.com\/noticias\/wp-content\/uploads\/2026\/01\/482948286_18493342264027384_4061770721532564782_n-820x1024.jpg\" alt=\"\" width=\"401\" height=\"500\" srcset=\"https:\/\/vinasfm.com\/noticias\/wp-content\/uploads\/2026\/01\/482948286_18493342264027384_4061770721532564782_n-820x1024.jpg 820w, https:\/\/vinasfm.com\/noticias\/wp-content\/uploads\/2026\/01\/482948286_18493342264027384_4061770721532564782_n-240x300.jpg 240w, https:\/\/vinasfm.com\/noticias\/wp-content\/uploads\/2026\/01\/482948286_18493342264027384_4061770721532564782_n-768x959.jpg 768w, https:\/\/vinasfm.com\/noticias\/wp-content\/uploads\/2026\/01\/482948286_18493342264027384_4061770721532564782_n.jpg 1080w\" sizes=\"auto, (max-width: 401px) 100vw, 401px\" \/><\/a><\/p>\n<p>Durante la entrevista, Sof\u00eda valor\u00f3 especialmente el acompa\u00f1amiento recibido, aun cuando su agenda como Virreina Nacional le impidi\u00f3 estar presente en todos los eventos del departamento. <em><strong>\u201cTodo lo que hice lo hice con mucho cari\u00f1o, amor y responsabilidad\u201d<\/strong><\/em>, remarc\u00f3.<\/p>\n<p>Tambi\u00e9n habl\u00f3 del fuerte v\u00ednculo de hermandad que se form\u00f3 con<span style=\"color: #003366;\"> <strong>Alejandrina Funes<\/strong><\/span>,<em> Reina Nacional<\/em>, y con <span style=\"color: #003366;\"><strong>Abril Vel\u00e1zquez<\/strong><\/span>, <em>Virreina Departamental<\/em>, quien la acompa\u00f1\u00f3 en distintas actividades.<em><strong> \u201cDe eso tambi\u00e9n se trata Vendimia: de mujeres unidas, que se acompa\u00f1en y dejen de lado la rivalidad\u201d<\/strong><\/em>, expres\u00f3, agradecida por el apoyo constante de la Corte y de cada una de ellas.<\/p>\n<p>Al ser consultada sobre qu\u00e9 se lleva de esta experiencia, Sof\u00eda fue clara y emocional: \u201c<strong><em>Me llevo crecimiento personal y, sobre todo, el cari\u00f1o de la gente, que lo voy a llevar para siempre en mi coraz\u00f3n\u201d<\/em><\/strong>. Aunque este s\u00e1bado se despide de la <strong>Corona Departamental<\/strong>, a\u00fan le restan algunos d\u00edas cumpliendo funciones como <strong>Virreina Nacional de la Vendimia<\/strong>.<\/p>\n<div id=\"attachment_157414\" style=\"width: 340px\" class=\"wp-caption alignnone\"><a href=\"https:\/\/vinasfm.com\/noticias\/wp-content\/uploads\/2026\/01\/484044340_18493342237027384_4721747009325185928_n.jpg\"><img loading=\"lazy\" decoding=\"async\" aria-describedby=\"caption-attachment-157414\" class=\"wp-image-157414\" src=\"https:\/\/vinasfm.com\/noticias\/wp-content\/uploads\/2026\/01\/484044340_18493342237027384_4721747009325185928_n-819x1024.jpg\" alt=\"\" width=\"340\" height=\"425\" srcset=\"https:\/\/vinasfm.com\/noticias\/wp-content\/uploads\/2026\/01\/484044340_18493342237027384_4721747009325185928_n-819x1024.jpg 819w, https:\/\/vinasfm.com\/noticias\/wp-content\/uploads\/2026\/01\/484044340_18493342237027384_4721747009325185928_n-240x300.jpg 240w, https:\/\/vinasfm.com\/noticias\/wp-content\/uploads\/2026\/01\/484044340_18493342237027384_4721747009325185928_n-768x960.jpg 768w, https:\/\/vinasfm.com\/noticias\/wp-content\/uploads\/2026\/01\/484044340_18493342237027384_4721747009325185928_n.jpg 1080w\" sizes=\"auto, (max-width: 340px) 100vw, 340px\" \/><\/a><p id=\"caption-attachment-157414\" class=\"wp-caption-text\">Virreina Nacional de la Vendimia 2025<\/p><\/div>\n<div id=\"attachment_157415\" style=\"width: 340px\" class=\"wp-caption alignnone\"><a href=\"https:\/\/vinasfm.com\/noticias\/wp-content\/uploads\/2026\/01\/475204503_18486422296027384_6032069438295412583_n.jpg\"><img loading=\"lazy\" decoding=\"async\" aria-describedby=\"caption-attachment-157415\" class=\"wp-image-157415\" src=\"https:\/\/vinasfm.com\/noticias\/wp-content\/uploads\/2026\/01\/475204503_18486422296027384_6032069438295412583_n-820x1024.jpg\" alt=\"\" width=\"340\" height=\"425\" srcset=\"https:\/\/vinasfm.com\/noticias\/wp-content\/uploads\/2026\/01\/475204503_18486422296027384_6032069438295412583_n-820x1024.jpg 820w, https:\/\/vinasfm.com\/noticias\/wp-content\/uploads\/2026\/01\/475204503_18486422296027384_6032069438295412583_n-240x300.jpg 240w, https:\/\/vinasfm.com\/noticias\/wp-content\/uploads\/2026\/01\/475204503_18486422296027384_6032069438295412583_n-768x959.jpg 768w, https:\/\/vinasfm.com\/noticias\/wp-content\/uploads\/2026\/01\/475204503_18486422296027384_6032069438295412583_n.jpg 1080w\" sizes=\"auto, (max-width: 340px) 100vw, 340px\" \/><\/a><p id=\"caption-attachment-157415\" class=\"wp-caption-text\">Reina Departamental 2025<\/p><\/div>\n<p>La emoci\u00f3n popular tambi\u00e9n fue protagonista. Sof\u00eda cont\u00f3 con asombro y gratitud c\u00f3mo recibi\u00f3 mensajes, videos y relatos de vecinos de General Alvear que siguieron voto a voto la elecci\u00f3n nacional. <em><strong>\u201cEsto no es solo un logro m\u00edo, es de todo el departamento\u201d<\/strong><\/em>, asegur\u00f3.<\/p>\n<p>&nbsp;<\/p>\n<p>El cierre fue con palabras de agradecimiento y una invitaci\u00f3n a seguir celebrando la Vendimia, una tradici\u00f3n que cumple <strong>90 a\u00f1os de historia<\/strong> en la provincia.<\/p>\n<p>Adem\u00e1s, este camino qued\u00f3 reflejado en sus redes sociales, con emotivos posteos en Instagram que retratan dos momentos claves: su <strong>coronaci\u00f3n como Reina Departamental de la Vendimia<\/strong> y su <strong>consagraci\u00f3n como Virreina Nacional<\/strong>, im\u00e1genes que despertaron orgullo y emoci\u00f3n en toda la comunidad alvearense.<\/p>\n<blockquote><p><strong><em><span style=\"color: #008080;\">\u00abLlev\u00e9 a General Alvear con mucho orgullo a cada lugar al que fui. Gracias por el cari\u00f1o, el respeto y por cada momento compartido. Me despido de este a\u00f1o, pero los guardo para siempre en el coraz\u00f3n\u00bb<br \/>\n<\/span><\/em><\/strong><\/p><\/blockquote>\n<h6>Sof\u00eda Perfumo v\u00eda <a href=\"https:\/\/www.instagram.com\/p\/DUJtn3cEQw0\/\"><em>Instagram<\/em><\/a><\/h6>\n<p>General Alvear acompa\u00f1a, agradece y celebra a Sof\u00eda Perfumo, una representante que dej\u00f3 huella con su compromiso, sensibilidad y profundo amor por su tierra.<\/p>\n","protected":false},"excerpt":{"rendered":"<p>En di\u00e1logo con FM VI\u00d1AS, Sof\u00eda Perfumo, Reina Departamental de General Alvear y Virreina Nacional de la Vendimia 2025, comparti\u00f3 sus &#8230;<\/p>\n","protected":false},"author":7,"featured_media":157416,"comment_status":"open","ping_status":"open","sticky":false,"template":"","format":"standard","meta":{"footnotes":""},"categories":[19,25],"tags":[],"class_list":["post-157412","post","type-post","status-publish","format-standard","has-post-thumbnail","hentry","category-cultura","category-vendimia"],"_links":{"self":[{"href":"https:\/\/vinasfm.com\/noticias\/wp-json\/wp\/v2\/posts\/157412","targetHints":{"allow":["GET"]}}],"collection":[{"href":"https:\/\/vinasfm.com\/noticias\/wp-json\/wp\/v2\/posts"}],"about":[{"href":"https:\/\/vinasfm.com\/noticias\/wp-json\/wp\/v2\/types\/post"}],"author":[{"embeddable":true,"href":"https:\/\/vinasfm.com\/noticias\/wp-json\/wp\/v2\/users\/7"}],"replies":[{"embeddable":true,"href":"https:\/\/vinasfm.com\/noticias\/wp-json\/wp\/v2\/comments?post=157412"}],"version-history":[{"count":2,"href":"https:\/\/vinasfm.com\/noticias\/wp-json\/wp\/v2\/posts\/157412\/revisions"}],"predecessor-version":[{"id":157418,"href":"https:\/\/vinasfm.com\/noticias\/wp-json\/wp\/v2\/posts\/157412\/revisions\/157418"}],"wp:featuredmedia":[{"embeddable":true,"href":"https:\/\/vinasfm.com\/noticias\/wp-json\/wp\/v2\/media\/157416"}],"wp:attachment":[{"href":"https:\/\/vinasfm.com\/noticias\/wp-json\/wp\/v2\/media?parent=157412"}],"wp:term":[{"taxonomy":"category","embeddable":true,"href":"https:\/\/vinasfm.com\/noticias\/wp-json\/wp\/v2\/categories?post=157412"},{"taxonomy":"post_tag","embeddable":true,"href":"https:\/\/vinasfm.com\/noticias\/wp-json\/wp\/v2\/tags?post=157412"}],"curies":[{"name":"wp","href":"https:\/\/api.w.org\/{rel}","templated":true}]}}