{"id":157408,"date":"2026-01-31T10:42:43","date_gmt":"2026-01-31T13:42:43","guid":{"rendered":"https:\/\/vinasfm.com\/noticias\/?p=157408"},"modified":"2026-01-31T10:42:43","modified_gmt":"2026-01-31T13:42:43","slug":"alerta-por-tormentas-en-mendoza-para-este-sabado","status":"publish","type":"post","link":"https:\/\/vinasfm.com\/noticias\/alerta-por-tormentas-en-mendoza-para-este-sabado\/","title":{"rendered":"ALERTA POR TORMENTAS EN MENDOZA PARA ESTE S\u00c1BADO"},"content":{"rendered":"<h4 data-start=\"138\" data-end=\"388\"><span style=\"color: #003300;\">La Direcci\u00f3n de Contingencias Clim\u00e1ticas inform\u00f3 que <strong data-start=\"191\" data-end=\"218\">este s\u00e1bado 31 de enero<\/strong> se mantendr\u00e1 la <strong data-start=\"235\" data-end=\"282\">inestabilidad en gran parte de la provincia<\/strong>, con probabilidad de <strong data-start=\"304\" data-end=\"339\">tormentas de variada intensidad<\/strong>, seg\u00fan el reporte emitido a las <strong data-start=\"372\" data-end=\"387\">07:00 horas<\/strong>.<\/span><\/h4>\n<p data-start=\"390\" data-end=\"659\">De acuerdo al informe, se prev\u00e9n <strong data-start=\"423\" data-end=\"523\">tormentas con lluvias intensas, ca\u00edda de granizo, fuerte actividad el\u00e9ctrica y r\u00e1fagas de viento<\/strong>, que podr\u00edan afectar <strong data-start=\"545\" data-end=\"658\">cordillera, precordillera Norte y Central, Gran Mendoza, Valle de Uco, zona Este, San Rafael y General Alvear<\/strong>.<\/p>\n<p data-start=\"390\" data-end=\"659\"><a href=\"https:\/\/vinasfm.com\/noticias\/wp-content\/uploads\/2026\/01\/IMG-20260131-WA0016.jpg\"><img loading=\"lazy\" decoding=\"async\" class=\"wp-image-157407 aligncenter\" src=\"https:\/\/vinasfm.com\/noticias\/wp-content\/uploads\/2026\/01\/IMG-20260131-WA0016.jpg\" alt=\"\" width=\"560\" height=\"569\" srcset=\"https:\/\/vinasfm.com\/noticias\/wp-content\/uploads\/2026\/01\/IMG-20260131-WA0016.jpg 713w, https:\/\/vinasfm.com\/noticias\/wp-content\/uploads\/2026\/01\/IMG-20260131-WA0016-295x300.jpg 295w\" sizes=\"auto, (max-width: 560px) 100vw, 560px\" \/><\/a><\/p>\n<p data-start=\"661\" data-end=\"845\">Adem\u00e1s, se anticipan <strong data-start=\"682\" data-end=\"718\">tormentas de intensidad moderada<\/strong>, acompa\u00f1adas de <strong data-start=\"735\" data-end=\"763\">lluvia, granizo y viento<\/strong>, en <strong data-start=\"768\" data-end=\"844\">cordillera de San Rafael, cordillera de Malarg\u00fce y zona baja de Malarg\u00fce<\/strong>.<\/p>\n<p data-start=\"847\" data-end=\"1069\">Desde el organismo provincial solicitaron a la poblaci\u00f3n <strong data-start=\"904\" data-end=\"949\">mantenerse informada y tomar precauciones<\/strong>, especialmente ante la posibilidad de fen\u00f3menos intensos que podr\u00edan generar complicaciones en zonas urbanas y rurales.<\/p>\n<p data-start=\"847\" data-end=\"1069\"><a href=\"https:\/\/vinasfm.com\/noticias\/wp-content\/uploads\/2026\/01\/IMG-20260131-WA00171.jpg\"><img loading=\"lazy\" decoding=\"async\" class=\"wp-image-157406 aligncenter\" src=\"https:\/\/vinasfm.com\/noticias\/wp-content\/uploads\/2026\/01\/IMG-20260131-WA00171.jpg\" alt=\"\" width=\"560\" height=\"567\" srcset=\"https:\/\/vinasfm.com\/noticias\/wp-content\/uploads\/2026\/01\/IMG-20260131-WA00171.jpg 717w, https:\/\/vinasfm.com\/noticias\/wp-content\/uploads\/2026\/01\/IMG-20260131-WA00171-296x300.jpg 296w\" sizes=\"auto, (max-width: 560px) 100vw, 560px\" \/><\/a><\/p>\n","protected":false},"excerpt":{"rendered":"<p>La Direcci\u00f3n de Contingencias Clim\u00e1ticas inform\u00f3 que este s\u00e1bado 31 de enero se mantendr\u00e1 la inestabilidad en gran parte de la &#8230;<\/p>\n","protected":false},"author":7,"featured_media":157410,"comment_status":"open","ping_status":"open","sticky":false,"template":"","format":"standard","meta":{"footnotes":""},"categories":[1],"tags":[],"class_list":["post-157408","post","type-post","status-publish","format-standard","has-post-thumbnail","hentry","category-fmvinas"],"_links":{"self":[{"href":"https:\/\/vinasfm.com\/noticias\/wp-json\/wp\/v2\/posts\/157408","targetHints":{"allow":["GET"]}}],"collection":[{"href":"https:\/\/vinasfm.com\/noticias\/wp-json\/wp\/v2\/posts"}],"about":[{"href":"https:\/\/vinasfm.com\/noticias\/wp-json\/wp\/v2\/types\/post"}],"author":[{"embeddable":true,"href":"https:\/\/vinasfm.com\/noticias\/wp-json\/wp\/v2\/users\/7"}],"replies":[{"embeddable":true,"href":"https:\/\/vinasfm.com\/noticias\/wp-json\/wp\/v2\/comments?post=157408"}],"version-history":[{"count":2,"href":"https:\/\/vinasfm.com\/noticias\/wp-json\/wp\/v2\/posts\/157408\/revisions"}],"predecessor-version":[{"id":157411,"href":"https:\/\/vinasfm.com\/noticias\/wp-json\/wp\/v2\/posts\/157408\/revisions\/157411"}],"wp:featuredmedia":[{"embeddable":true,"href":"https:\/\/vinasfm.com\/noticias\/wp-json\/wp\/v2\/media\/157410"}],"wp:attachment":[{"href":"https:\/\/vinasfm.com\/noticias\/wp-json\/wp\/v2\/media?parent=157408"}],"wp:term":[{"taxonomy":"category","embeddable":true,"href":"https:\/\/vinasfm.com\/noticias\/wp-json\/wp\/v2\/categories?post=157408"},{"taxonomy":"post_tag","embeddable":true,"href":"https:\/\/vinasfm.com\/noticias\/wp-json\/wp\/v2\/tags?post=157408"}],"curies":[{"name":"wp","href":"https:\/\/api.w.org\/{rel}","templated":true}]}}