{"id":157401,"date":"2026-01-31T09:20:06","date_gmt":"2026-01-31T12:20:06","guid":{"rendered":"https:\/\/vinasfm.com\/noticias\/?p=157401"},"modified":"2026-02-02T10:16:49","modified_gmt":"2026-02-02T13:16:49","slug":"157401-2","status":"publish","type":"post","link":"https:\/\/vinasfm.com\/noticias\/157401-2\/","title":{"rendered":"TEMPORAL EN MENDOZA: EL GOBIERNO PROVINCIAL ACTIV\u00d3 UN AMPLIO OPERATIVO Y CONFIRM\u00d3 QUE NO HUBO V\u00cdCTIMAS"},"content":{"rendered":"<h4 class=\"wp-block-heading\"><span style=\"color: #003300;\"><strong>La Provincia puso en marcha todos los protocolos y coordin\u00f3 acciones con municipios y \u00e1reas operativas para garantizar la seguridad de la poblaci\u00f3n.<\/strong><\/span><\/h4>\n<p>El <strong>Gobierno de Mendoza<\/strong> informa que, tras la intensa tormenta de lluvia y granizo registrada en las \u00faltimas horas, no se reportaron v\u00edctimas fatales ni personas con lesiones graves en todo el territorio provincial.<\/p>\n<p>Desde el inicio del evento, la Provincia activ\u00f3 un operativo integral de respuesta, con la participaci\u00f3n de los ministerios, organismos descentralizados, fuerzas de seguridad, Defensa Civil, empresas prestatarias de servicios y municipios, priorizando la atenci\u00f3n de emergencias, el resguardo de la poblaci\u00f3n y la r\u00e1pida normalizaci\u00f3n de los servicios esenciales.<\/p>\n<h2><strong>Atenci\u00f3n sanitaria y servicios esenciales<\/strong><\/h2>\n<p>El sistema de salud provincial funcion\u00f3 con normalidad durante toda la contingencia. <strong>Si bien se registraron cortes de energ\u00eda el\u00e9ctrica en algunos establecimientos, los grupos electr\u00f3genos y sistemas de respaldo permitieron garantizar la atenci\u00f3n sanitaria en todo momento, con el sistema de comunicaciones TETRA operando al 100%.<\/strong><\/p>\n<p>Asimismo, se reportaron filtraciones menores en los hospitales Central y Notti, que fueron r\u00e1pidamente controladas por los equipos de mantenimiento, sin afectar la prestaci\u00f3n de los servicios.<\/p>\n<p>En el resto de los efectores sanitarios de la provincia no se registraron inconvenientes de gravedad.<\/p>\n<p>Aguas Mendocinas, en tanto, inform\u00f3 que contin\u00faan fuera de servicio algunos establecimientos potabilizadores del \u00c1rea Metropolitana y el Piedemonte, como consecuencia de los cortes el\u00e9ctricos. <strong>Esta situaci\u00f3n gener\u00f3 interrupciones parciales del suministro en sectores puntuales de Ciudad, Godoy Cruz, Luj\u00e1n de Cuyo y Guaymall\u00e9n. Los equipos t\u00e9cnicos permanecen desplegados y trabajando de manera continua para restablecer el servicio a la brevedad.<\/strong><\/p>\n<h2><img decoding=\"async\" src=\"https:\/\/mza-dicaws-portal-uploads-media-prod.s3.amazonaws.com\/prensa\/uploads\/2026\/01\/WhatsApp-Image-2026-01-30-at-20.14.53.jpeg\" \/><\/h2>\n<h2><strong>Seguridad, rescates y Defensa Civil<\/strong><\/h2>\n<p>El Ministerio de Seguridad inform\u00f3 una alta demanda de llamadas al sistema de emergencias 911, con m\u00faltiples intervenciones preventivas y operativos de rescate en distintos puntos de la provincia.<\/p>\n<p>Durante la jornada se realizaron salvatajes en el dique Maure, en distintos tramos de los zanjones del Gran Mendoza, en Ruta Nacional 40 y en zonas del Valle de Uco, entre otros puntos cr\u00edticos. En todos los casos, las personas asistidas fueron rescatadas en buen estado de salud y sin lesiones.<\/p>\n<h2><strong>Energ\u00eda, hidr\u00e1ulica y control de cauces<\/strong><\/h2>\n<p><strong>El Ministerio de Energ\u00eda y Ambiente inform\u00f3 que m\u00e1s de 43 mil suministros el\u00e9ctricos resultaron afectados, principalmente en el Gran Mendoza.<\/strong><\/p>\n<p>Las distribuidoras reforzaron guardias, cuadrillas t\u00e9cnicas y centros de control para acelerar la reposici\u00f3n del servicio, que ya fue normalizado en un n\u00famero significativo de usuarios.<\/p>\n<p>Por su parte, la Direcci\u00f3n de Hidr\u00e1ulica indic\u00f3 que los colectores aluvionales y diques operaron conforme a lo previsto, con algunos tramos trabajando a m\u00e1xima capacidad debido al volumen de agua recibido.<\/p>\n<p>Las obras de descarga funcionaron correctamente y se realizaron inspecciones permanentes en cauces y colectores estrat\u00e9gicos, lo que permiti\u00f3 mitigar mayores da\u00f1os ante la intensidad de las precipitaciones.<\/p>\n<h2><strong>Rutas y transitabilidad<\/strong><\/h2>\n<p>La Direcci\u00f3n Provincial de Vialidad realiz\u00f3 un relevamiento integral de la red vial tras el temporal. En el Gran Mendoza, Zona Centro, Zona Este y Zona Sur se registraron cortes preventivos, calzadas reducidas, arrastre de material y ca\u00edda de \u00e1rboles, especialmente en accesos, rutas provinciales y caminos de monta\u00f1a.<\/p>\n<p>En muchos casos, las v\u00edas ya fueron habilitadas tras las tareas de despeje y limpieza, mientras que los equipos contin\u00faan trabajando en sectores puntuales para garantizar condiciones seguras de circulaci\u00f3n, particularmente en rutas de alta monta\u00f1a y accesos estrat\u00e9gicos.<\/p>\n<h2><strong>Situaci\u00f3n general en el resto de la provincia<\/strong><\/h2>\n<p>Departamentos como Tunuy\u00e1n, Tupungato, Maip\u00fa, Lavalle, Malarg\u00fce, San Rafael y General Alvear no registraron inconvenientes de gravedad en sus sistemas cr\u00edticos ni en la prestaci\u00f3n de servicios esenciales.<\/p>\n<p>Las \u00c1reas Naturales Protegidas operan con normalidad tanto en la zona Sur como en la zona Centro de la provincia, con excepci\u00f3n de algunos caminos rurales que permanecen cerrados de manera preventiva, sin afectar el normal desarrollo de las actividades.<\/p>\n","protected":false},"excerpt":{"rendered":"<p>La Provincia puso en marcha todos los protocolos y coordin\u00f3 acciones con municipios y \u00e1reas operativas para garantizar la seguridad de &#8230;<\/p>\n","protected":false},"author":7,"featured_media":157402,"comment_status":"open","ping_status":"open","sticky":false,"template":"","format":"standard","meta":{"footnotes":""},"categories":[17,51],"tags":[],"class_list":["post-157401","post","type-post","status-publish","format-standard","has-post-thumbnail","hentry","category-clima","category-defensa-civil"],"_links":{"self":[{"href":"https:\/\/vinasfm.com\/noticias\/wp-json\/wp\/v2\/posts\/157401","targetHints":{"allow":["GET"]}}],"collection":[{"href":"https:\/\/vinasfm.com\/noticias\/wp-json\/wp\/v2\/posts"}],"about":[{"href":"https:\/\/vinasfm.com\/noticias\/wp-json\/wp\/v2\/types\/post"}],"author":[{"embeddable":true,"href":"https:\/\/vinasfm.com\/noticias\/wp-json\/wp\/v2\/users\/7"}],"replies":[{"embeddable":true,"href":"https:\/\/vinasfm.com\/noticias\/wp-json\/wp\/v2\/comments?post=157401"}],"version-history":[{"count":2,"href":"https:\/\/vinasfm.com\/noticias\/wp-json\/wp\/v2\/posts\/157401\/revisions"}],"predecessor-version":[{"id":157404,"href":"https:\/\/vinasfm.com\/noticias\/wp-json\/wp\/v2\/posts\/157401\/revisions\/157404"}],"wp:featuredmedia":[{"embeddable":true,"href":"https:\/\/vinasfm.com\/noticias\/wp-json\/wp\/v2\/media\/157402"}],"wp:attachment":[{"href":"https:\/\/vinasfm.com\/noticias\/wp-json\/wp\/v2\/media?parent=157401"}],"wp:term":[{"taxonomy":"category","embeddable":true,"href":"https:\/\/vinasfm.com\/noticias\/wp-json\/wp\/v2\/categories?post=157401"},{"taxonomy":"post_tag","embeddable":true,"href":"https:\/\/vinasfm.com\/noticias\/wp-json\/wp\/v2\/tags?post=157401"}],"curies":[{"name":"wp","href":"https:\/\/api.w.org\/{rel}","templated":true}]}}