{"id":157344,"date":"2026-01-29T10:35:21","date_gmt":"2026-01-29T13:35:21","guid":{"rendered":"https:\/\/vinasfm.com\/noticias\/?p=157344"},"modified":"2026-01-29T10:35:21","modified_gmt":"2026-01-29T13:35:21","slug":"finalizo-la-colonia-de-verano-para-personas-con-discapacidad","status":"publish","type":"post","link":"https:\/\/vinasfm.com\/noticias\/finalizo-la-colonia-de-verano-para-personas-con-discapacidad\/","title":{"rendered":"FINALIZ\u00d3 LA COLONIA DE VERANO PARA PERSONAS CON DISCAPACIDAD"},"content":{"rendered":"<h4><span style=\"color: #003300;\"><strong>Este viernes se realiz\u00f3 el cierre de la Colonia de Verano para Personas con Discapacidad, que funcion\u00f3 durante la temporada 2025\/2026 y volvi\u00f3 a consolidarse como un espacio fundamental de inclusi\u00f3n, recreaci\u00f3n y encuentro.<\/strong><\/span><\/h4>\n<p>La colonia se desarroll\u00f3 de manera conjunta entre las colonias de General Alvear y Bowen. En total, m\u00e1s de 50 personas formaron parte de la propuesta a lo largo del verano.<\/p>\n<p><span style=\"color: #003366;\"><strong>Viviana Lima<\/strong><\/span>, <em>Asesora de Personas con Discapacidad<\/em>, destac\u00f3 el compromiso y el trabajo realizado por los profesores y profesoras, tanto de la colonia de ni\u00f1os y adultos como del equipo de integraci\u00f3n, quienes acompa\u00f1aron cada una de las actividades y promovieron espacios de inclusi\u00f3n y participaci\u00f3n activa.<\/p>\n<p><a href=\"https:\/\/vinasfm.com\/noticias\/wp-content\/uploads\/2026\/01\/IMG-20260129-WA0031.jpg\"><img loading=\"lazy\" decoding=\"async\" class=\"alignnone size-large wp-image-157342\" src=\"https:\/\/vinasfm.com\/noticias\/wp-content\/uploads\/2026\/01\/IMG-20260129-WA0031-1024x682.jpg\" alt=\"\" width=\"1024\" height=\"682\" srcset=\"https:\/\/vinasfm.com\/noticias\/wp-content\/uploads\/2026\/01\/IMG-20260129-WA0031-1024x682.jpg 1024w, https:\/\/vinasfm.com\/noticias\/wp-content\/uploads\/2026\/01\/IMG-20260129-WA0031-300x200.jpg 300w, https:\/\/vinasfm.com\/noticias\/wp-content\/uploads\/2026\/01\/IMG-20260129-WA0031-768x512.jpg 768w, https:\/\/vinasfm.com\/noticias\/wp-content\/uploads\/2026\/01\/IMG-20260129-WA0031-1536x1023.jpg 1536w, https:\/\/vinasfm.com\/noticias\/wp-content\/uploads\/2026\/01\/IMG-20260129-WA0031.jpg 1600w\" sizes=\"auto, (max-width: 1024px) 100vw, 1024px\" \/><\/a><\/p>\n<p>Adem\u00e1s, afirm\u00f3 que<em><strong> \u201cse puso un fuerte \u00e9nfasis en la nataci\u00f3n, la recreaci\u00f3n y los juegos, junto con actividades espec\u00edficas de integraci\u00f3n con la colonia convencional. Asimismo, se busc\u00f3 renovar las propuestas, aportando una impronta diferente a cada verano para evitar la repetici\u00f3n de actividades y mantener el entusiasmo de los participantes\u201d.<\/strong><\/em><\/p>\n<p>Desde la organizaci\u00f3n confirmaron que las actividades se retomar\u00e1n en abril con los talleres de la ma\u00f1ana y el deporte adaptado, mientras ya se trabaja en la planificaci\u00f3n de una temporada cargada de propuestas y actividades inclusivas.<\/p>\n","protected":false},"excerpt":{"rendered":"<p>Este viernes se realiz\u00f3 el cierre de la Colonia de Verano para Personas con Discapacidad, que funcion\u00f3 durante la temporada 2025\/2026 &#8230;<\/p>\n","protected":false},"author":7,"featured_media":157343,"comment_status":"open","ping_status":"open","sticky":false,"template":"","format":"standard","meta":{"footnotes":""},"categories":[1],"tags":[],"class_list":["post-157344","post","type-post","status-publish","format-standard","has-post-thumbnail","hentry","category-fmvinas"],"_links":{"self":[{"href":"https:\/\/vinasfm.com\/noticias\/wp-json\/wp\/v2\/posts\/157344","targetHints":{"allow":["GET"]}}],"collection":[{"href":"https:\/\/vinasfm.com\/noticias\/wp-json\/wp\/v2\/posts"}],"about":[{"href":"https:\/\/vinasfm.com\/noticias\/wp-json\/wp\/v2\/types\/post"}],"author":[{"embeddable":true,"href":"https:\/\/vinasfm.com\/noticias\/wp-json\/wp\/v2\/users\/7"}],"replies":[{"embeddable":true,"href":"https:\/\/vinasfm.com\/noticias\/wp-json\/wp\/v2\/comments?post=157344"}],"version-history":[{"count":2,"href":"https:\/\/vinasfm.com\/noticias\/wp-json\/wp\/v2\/posts\/157344\/revisions"}],"predecessor-version":[{"id":157346,"href":"https:\/\/vinasfm.com\/noticias\/wp-json\/wp\/v2\/posts\/157344\/revisions\/157346"}],"wp:featuredmedia":[{"embeddable":true,"href":"https:\/\/vinasfm.com\/noticias\/wp-json\/wp\/v2\/media\/157343"}],"wp:attachment":[{"href":"https:\/\/vinasfm.com\/noticias\/wp-json\/wp\/v2\/media?parent=157344"}],"wp:term":[{"taxonomy":"category","embeddable":true,"href":"https:\/\/vinasfm.com\/noticias\/wp-json\/wp\/v2\/categories?post=157344"},{"taxonomy":"post_tag","embeddable":true,"href":"https:\/\/vinasfm.com\/noticias\/wp-json\/wp\/v2\/tags?post=157344"}],"curies":[{"name":"wp","href":"https:\/\/api.w.org\/{rel}","templated":true}]}}