{"id":157337,"date":"2026-01-29T10:22:49","date_gmt":"2026-01-29T13:22:49","guid":{"rendered":"https:\/\/vinasfm.com\/noticias\/?p=157337"},"modified":"2026-01-29T10:22:49","modified_gmt":"2026-01-29T13:22:49","slug":"en-enero-el-turismo-le-aporto-a-mendoza-mas-de-137-000-millones","status":"publish","type":"post","link":"https:\/\/vinasfm.com\/noticias\/en-enero-el-turismo-le-aporto-a-mendoza-mas-de-137-000-millones\/","title":{"rendered":"EN ENERO, EL TURISMO LE APORT\u00d3 A MENDOZA M\u00c1S DE $137.000 MILLONES"},"content":{"rendered":"<h4 class=\"wp-block-heading\"><span style=\"color: #003300;\"><strong>La provincia de Mendoza hizo un balance positivo del primer mes del a\u00f1o en materia tur\u00edstica. Durante enero, la ocupaci\u00f3n promedio provincial alcanz\u00f3 el 60%, un n\u00famero que se ubica dentro de la media hist\u00f3rica y que resulta especialmente favorable si se tiene en cuenta que Mendoza no es un destino de playa, sino una provincia con una propuesta tur\u00edstica centrada en la naturaleza, la cultura, el vino, la monta\u00f1a y las experiencias.<\/strong><\/span><\/h4>\n<p>Durante enero, el turismo gener\u00f3 un fuerte impacto econ\u00f3mico en la provincia, con un ingreso total de $137.475 millones, producto de la visita de 312 mil turistas. Este c\u00e1lculo se basa en una estad\u00eda promedio de 4,7 noches y un gasto diario estimado de $92.500 por persona, lo que evidencia una significativa inyecci\u00f3n de capital en la econom\u00eda local.<\/p>\n<p><span style=\"color: #003366;\"><strong>Gabriela Testa<\/strong><\/span>, presidenta del Emetur, explic\u00f3 que en verano se ven m\u00e1s familias de turistas recorriendo la provincia y que <em><strong>\u201ceste promedio provincial presenta realidades diversas, seg\u00fan los destinos\u201d<\/strong><\/em>. En este sentido, la funcionaria remarc\u00f3 que las Villas de San Rafael, Potrerillos y Cacheuta registraron niveles de ocupaci\u00f3n superiores al Gran Mendoza,<em><strong> \u201cprincipalmente por su oferta vinculada al agua, los entornos naturales y las actividades al aire libre, que resultan especialmente atractivas durante el verano.<\/strong><\/em><\/p>\n<p><em><strong>\u201cCuando hablamos de Mendoza, no se puede dar una foto \u00fanica. Var\u00eda la situaci\u00f3n tur\u00edstica de acuerdo a cada zona de la provincia. En verano, naturalmente le va mejor al sur provincial y a zonas de monta\u00f1a. Luego es notorio un comportamiento de aumento de la demanda hacia los fines de semana y en aquellas localidades en las que se est\u00e1n celebrando vendimias y festivales\u201d<\/strong><\/em>, detall\u00f3 la funcionaria.<\/p>\n<p>Testa coment\u00f3 que gracias a la amplia oferta con la que cuenta Mendoza <strong><em>\u201cse puede evitar la estacionalidad, que afecta a otros destinos del pa\u00eds y recibimos a turistas durante todo el a\u00f1o.<\/em><\/strong><\/p>\n<p><strong><em>\u201cPor la multiplicidad de productos tur\u00edsticos que posee Mendoza, tenemos una demanda estable durante todo el a\u00f1o, lo que, desde el punto de vista del empresariado, es mucho m\u00e1s favorable que cuando se producen altos picos de consumo, que son dif\u00edciles de satisfacer\u201d<\/em><\/strong>.<\/p>\n<p>Adem\u00e1s de las variadas propuestas que ofrece Mendoza, se viene realizando un fuerte trabajo de promoci\u00f3n, en diversos mercados nacionales e internacionales, con el objetivo de atraer a m\u00e1s turistas. <em><strong>\u201cTal es as\u00ed, que recientemente equipos del Emetur realizaron activaciones en el Festival de Jes\u00fas Mar\u00eda, en la Costa Atl\u00e1ntica y en Espa\u00f1a, en dos de los eventos m\u00e1s importantes del mundo, relacionados al sector\u201d<\/strong><\/em>, explic\u00f3 la presidenta del Ente.<\/p>\n<p><img decoding=\"async\" src=\"https:\/\/mza-dicaws-portal-uploads-media-prod.s3.amazonaws.com\/prensa\/uploads\/2026\/01\/1000935478-1200x800.jpg\" \/><\/p>\n<h2><strong>\u00bfQui\u00e9nes visitan Mendoza?<\/strong><\/h2>\n<p>Seg\u00fan los datos analizados por el Observatorio del Emetur, el flujo tur\u00edstico durante el primer mes del a\u00f1o estuvo compuesto mayoritariamente por visitantes nacionales, que viajan acompa\u00f1ados. El 80% de los turistas son argentinos. El 42,7% de estos proviene de Buenos Aires, seguido por la regi\u00f3n Centro (C\u00f3rdoba) con un 19,5%.<\/p>\n<p>En cuanto al Turismo Internacional, los visitantes representan el 20%. De este total, los visitantes chilenos son el 7,5%, mientras que el resto del mundo suma un 12,5%, entre los que destacan los brasile\u00f1os.<\/p>\n<p>El an\u00e1lisis de la participaci\u00f3n de los establecimientos utilizados revela una marcada preferencia por alternativas de hospedaje extrahoteleras. La mayor parte del alojamiento tur\u00edstico se concentr\u00f3 en el sector informal o privado, con un 28,07% utilizando vivienda propia o de familiares\/amigos. A esto se suma un 25,15% que opt\u00f3 por vivienda alquilada, consolidando una tendencia hacia experiencias de mayor independencia.<\/p>\n<p>En contraste, los alojamientos hoteleros formales presentaron una participaci\u00f3n significativamente menor:<\/p>\n<p>\u2013 Hoteles 3 estrellas: 12,58%.<\/p>\n<p>\u2013 Caba\u00f1as\/Bungalows: 11,96%.<\/p>\n<p>\u2013 Camping: es un segmento reducido del 1,84%.<\/p>\n<p>Esta estructura de consumo subraya una b\u00fasqueda de opciones m\u00e1s privadas y con precios m\u00e1s accesibles para los visitantes del verano 2026.<\/p>\n<p>En cuanto a la organizaci\u00f3n del viaje, se observa un comportamiento de reserva de corto plazo. Seg\u00fan los datos obtenidos, el 40,33% de los turistas planifica su visita en un per\u00edodo de entre una semana y un mes.<\/p>\n<p>Es importante destacar que el 24,29% organiza su viaje con menos de una semana de anticipaci\u00f3n. Este fen\u00f3meno de \u00ab\u00faltimo momento\u00bb se refleja tambi\u00e9n en la fluctuaci\u00f3n de la demanda, la cual se intensifica notablemente hacia los fines de semana y en localidades con eventos espec\u00edficos como festivales y vendimias.<\/p>\n<p><strong>Festivales y Vendimias: motores de atracci\u00f3n<\/strong><\/p>\n<p>Uno de los factores clave del movimiento tur\u00edstico fue la intensa agenda cultural y festiva de la provincia. Los festivales y Vendimias departamentales convocaron a miles de mendocinos y visitantes de todo el pa\u00eds y del extranjero.<\/p>\n<p>Entre los principales eventos se destacan el Festival del Chivo, en Malarg\u00fce; el Festival del Mel\u00f3n y la Sand\u00eda, en Lavalle; el Encuentro de las Naciones, en Jun\u00edn; Vino Blues y Jazz en el Lago, en Ciudad, entre otros, que se consolidan como verdaderos motores de atracci\u00f3n tur\u00edstica y dinamizadores de las econom\u00edas locales.<\/p>\n<p>A partir del an\u00e1lisis que hace el Observatorio, se desprende que la mayor\u00eda de los visitantes gestion\u00f3 su experiencia de forma independiente, teniendo en cuenta que el 94,4% organiz\u00f3 el viaje por cuenta propia y s\u00f3lo el 4,3% contrat\u00f3 paquetes tur\u00edsticos. En cuanto a la anticipaci\u00f3n, el 38,1% planifica entre una semana y un mes antes; el 28,2% con menos de una semana.<\/p>\n<p><strong>Mendoza, entre los destinos m\u00e1s elegidos del pa\u00eds<\/strong><\/p>\n<p>Mendoza se consolid\u00f3 durante este verano como uno de los destinos tur\u00edsticos m\u00e1s elegidos de la Argentina, y adem\u00e1s fue posicionada como el destino m\u00e1s econ\u00f3mico del pa\u00eds para el verano 2026, seg\u00fan estudios de la consultora Focus Market.<\/p>\n<p>La provincia se destac\u00f3 por ofrecer precios m\u00e1s bajos que destinos tradicionales como Bariloche o Mar del Plata, con una excelente relaci\u00f3n precio-calidad, opciones accesibles de alojamiento, gastronom\u00eda variada y m\u00faltiples actividades gratuitas o de bajo costo.<\/p>\n<p>A este posicionamiento se suma un nuevo reconocimiento internacional: Mendoza fue incluida entre los mejores destinos del mundo para viajar en 2026, seg\u00fan el ranking elaborado por la prestigiosa revista Time Out, una de las publicaciones m\u00e1s influyentes a nivel global en turismo, cultura y estilos de vida.<\/p>\n<p><strong>Promociones que impulsan el consumo<\/strong><\/p>\n<p>Durante el mes de enero, las promociones Manso Men\u00fa, Mansa Bodega y Manso Alojamiento jugaron un rol clave en la dinamizaci\u00f3n del consumo, traccionando tanto a mendocinos como a turistas, gracias a propuestas de alta calidad a precios accesibles, fortaleciendo la competitividad del destino.<\/p>\n","protected":false},"excerpt":{"rendered":"<p>La provincia de Mendoza hizo un balance positivo del primer mes del a\u00f1o en materia tur\u00edstica. Durante enero, la ocupaci\u00f3n promedio &#8230;<\/p>\n","protected":false},"author":7,"featured_media":157338,"comment_status":"open","ping_status":"open","sticky":false,"template":"","format":"standard","meta":{"footnotes":""},"categories":[1],"tags":[],"class_list":["post-157337","post","type-post","status-publish","format-standard","has-post-thumbnail","hentry","category-fmvinas"],"_links":{"self":[{"href":"https:\/\/vinasfm.com\/noticias\/wp-json\/wp\/v2\/posts\/157337","targetHints":{"allow":["GET"]}}],"collection":[{"href":"https:\/\/vinasfm.com\/noticias\/wp-json\/wp\/v2\/posts"}],"about":[{"href":"https:\/\/vinasfm.com\/noticias\/wp-json\/wp\/v2\/types\/post"}],"author":[{"embeddable":true,"href":"https:\/\/vinasfm.com\/noticias\/wp-json\/wp\/v2\/users\/7"}],"replies":[{"embeddable":true,"href":"https:\/\/vinasfm.com\/noticias\/wp-json\/wp\/v2\/comments?post=157337"}],"version-history":[{"count":1,"href":"https:\/\/vinasfm.com\/noticias\/wp-json\/wp\/v2\/posts\/157337\/revisions"}],"predecessor-version":[{"id":157339,"href":"https:\/\/vinasfm.com\/noticias\/wp-json\/wp\/v2\/posts\/157337\/revisions\/157339"}],"wp:featuredmedia":[{"embeddable":true,"href":"https:\/\/vinasfm.com\/noticias\/wp-json\/wp\/v2\/media\/157338"}],"wp:attachment":[{"href":"https:\/\/vinasfm.com\/noticias\/wp-json\/wp\/v2\/media?parent=157337"}],"wp:term":[{"taxonomy":"category","embeddable":true,"href":"https:\/\/vinasfm.com\/noticias\/wp-json\/wp\/v2\/categories?post=157337"},{"taxonomy":"post_tag","embeddable":true,"href":"https:\/\/vinasfm.com\/noticias\/wp-json\/wp\/v2\/tags?post=157337"}],"curies":[{"name":"wp","href":"https:\/\/api.w.org\/{rel}","templated":true}]}}