{"id":157296,"date":"2026-01-28T11:57:50","date_gmt":"2026-01-28T14:57:50","guid":{"rendered":"https:\/\/vinasfm.com\/noticias\/?p=157296"},"modified":"2026-01-28T11:57:50","modified_gmt":"2026-01-28T14:57:50","slug":"le-salvaron-la-vida-a-una-beba-de-un-ano-tras-una-convulsion-en-punta-de-agua","status":"publish","type":"post","link":"https:\/\/vinasfm.com\/noticias\/le-salvaron-la-vida-a-una-beba-de-un-ano-tras-una-convulsion-en-punta-de-agua\/","title":{"rendered":"LE SALVARON LA VIDA A UNA BEBA DE UN A\u00d1O TRAS UNA CONVULSI\u00d3N EN PUNTA DE AGUA"},"content":{"rendered":"<div class=\"x14z9mp xat24cr x1lziwak x1vvkbs xtlvy1s x126k92a\">\n<h4 dir=\"auto\"><span style=\"color: #003300;\"><strong>Momentos de extrema tensi\u00f3n se vivieron este martes en un puesto de Arroyo de los Caballos, en la zona de Punta del Agua, cuando una beba de un a\u00f1o sufri\u00f3 una convulsi\u00f3n y qued\u00f3 sin signos vitales. La urgencia del cuadro oblig\u00f3 a una reacci\u00f3n inmediata por parte del sistema de salud.<\/strong><\/span><\/h4>\n<\/div>\n<div class=\"x14z9mp xat24cr x1lziwak x1vvkbs xtlvy1s x126k92a\">\n<div dir=\"auto\">Un enfermero logr\u00f3 reanimar a<strong> la ni\u00f1a mediante maniobras de RCP, permitiendo estabilizarla y ganar tiempo vital para su traslado.<\/strong> La derivaci\u00f3n se realiz\u00f3 de manera urgente hacia General Alvear, mientras se solicitaba asistencia m\u00e9dica por radio.<\/div>\n<\/div>\n<div class=\"x14z9mp xat24cr x1lziwak x1vvkbs xtlvy1s x126k92a\">\n<div dir=\"auto\"><\/div>\n<div dir=\"auto\">En Los Toldos, <strong>una ambulancia aguardaba con personal sanitario, quienes continuaron con la atenci\u00f3n, suministraron ox\u00edgeno y completaron el traslado al hospital de Alvear.<\/strong><\/div>\n<\/div>\n<div class=\"x14z9mp xat24cr x1lziwak x1vvkbs xtlvy1s x126k92a\">\n<div dir=\"auto\"><\/div>\n<div dir=\"auto\">En el centro asistencial se realizaron los estudios correspondientes y se confirm\u00f3 que la beba evoluciona favorablemente, se encuentra estable y fuera de peligro.<\/div>\n<\/div>\n","protected":false},"excerpt":{"rendered":"<p>Momentos de extrema tensi\u00f3n se vivieron este martes en un puesto de Arroyo de los Caballos, en la zona de Punta &#8230;<\/p>\n","protected":false},"author":7,"featured_media":157313,"comment_status":"open","ping_status":"open","sticky":false,"template":"","format":"standard","meta":{"footnotes":""},"categories":[1],"tags":[],"class_list":["post-157296","post","type-post","status-publish","format-standard","has-post-thumbnail","hentry","category-fmvinas"],"_links":{"self":[{"href":"https:\/\/vinasfm.com\/noticias\/wp-json\/wp\/v2\/posts\/157296","targetHints":{"allow":["GET"]}}],"collection":[{"href":"https:\/\/vinasfm.com\/noticias\/wp-json\/wp\/v2\/posts"}],"about":[{"href":"https:\/\/vinasfm.com\/noticias\/wp-json\/wp\/v2\/types\/post"}],"author":[{"embeddable":true,"href":"https:\/\/vinasfm.com\/noticias\/wp-json\/wp\/v2\/users\/7"}],"replies":[{"embeddable":true,"href":"https:\/\/vinasfm.com\/noticias\/wp-json\/wp\/v2\/comments?post=157296"}],"version-history":[{"count":3,"href":"https:\/\/vinasfm.com\/noticias\/wp-json\/wp\/v2\/posts\/157296\/revisions"}],"predecessor-version":[{"id":157314,"href":"https:\/\/vinasfm.com\/noticias\/wp-json\/wp\/v2\/posts\/157296\/revisions\/157314"}],"wp:featuredmedia":[{"embeddable":true,"href":"https:\/\/vinasfm.com\/noticias\/wp-json\/wp\/v2\/media\/157313"}],"wp:attachment":[{"href":"https:\/\/vinasfm.com\/noticias\/wp-json\/wp\/v2\/media?parent=157296"}],"wp:term":[{"taxonomy":"category","embeddable":true,"href":"https:\/\/vinasfm.com\/noticias\/wp-json\/wp\/v2\/categories?post=157296"},{"taxonomy":"post_tag","embeddable":true,"href":"https:\/\/vinasfm.com\/noticias\/wp-json\/wp\/v2\/tags?post=157296"}],"curies":[{"name":"wp","href":"https:\/\/api.w.org\/{rel}","templated":true}]}}