{"id":157274,"date":"2026-01-27T12:00:40","date_gmt":"2026-01-27T15:00:40","guid":{"rendered":"https:\/\/vinasfm.com\/noticias\/?p=157274"},"modified":"2026-01-28T11:58:26","modified_gmt":"2026-01-28T14:58:26","slug":"el-gobierno-denuncio-a-antimineros-por-la-fake-news-sobre-la-contaminacion-del-agua-potable-con-radiactivos-2","status":"publish","type":"post","link":"https:\/\/vinasfm.com\/noticias\/el-gobierno-denuncio-a-antimineros-por-la-fake-news-sobre-la-contaminacion-del-agua-potable-con-radiactivos-2\/","title":{"rendered":"EL GOBIERNO DENUNCI\u00d3 A ANTIMINEROS POR LA FAKE NEWS SOBRE LA CONTAMINACI\u00d3N DEL AGUA POTABLE CON RADIACTIVOS"},"content":{"rendered":"<h4 class=\"post-title title title-large entry-title\"><span style=\"color: #003300;\">\u201cAtemorizar a la poblaci\u00f3n tiene consecuencias jur\u00eddicas\u201d, asegur\u00f3 el ministro Natalio Mema tras el esc\u00e1ndalo con el agua que se gener\u00f3 en San Rafael.<\/span><\/h4>\n<div class=\"article-body first\">\n<div class=\"article-content\">\n<div class=\"cuerpo\" data-twitter-link=\"\">\n<p>El Gobierno de Mendoza, a trav\u00e9s del Ministerio de Energ\u00eda y Ambiente y de Agua y Saneamiento Mendoza (AYSAM),\u00a0<strong>denunci\u00f3<\/strong>\u00a0penalmente a dos agrupaciones que difundieron advertencias por una presunta\u00a0<strong>contaminaci\u00f3n del\u00a0<a href=\"https:\/\/www.diariouno.com.ar\/tags\/agua\" target=\"_blank\" rel=\"follow noopener\">agua<\/a>\u00a0potable<\/strong>\u00a0con materiales radioactivos.<\/p>\n<\/div>\n<\/div>\n<\/div>\n<div class=\"article-body\">\n<div class=\"article-content\">\n<div class=\"cuerpo\" data-twitter-link=\"\">\n<p>La reacci\u00f3n lleg\u00f3 este lunes, luego de que, a lo largo de todo el fin de semana, estallaran las redes sociales y los grupos de WhatsApp en\u00a0<strong>San Rafael<\/strong>\u00a0con cadenas que transmit\u00edan la\u00a0<strong>falsa noticia<\/strong>.<\/p>\n<p>Las advertencias sobre el supuesto riesgo surgieron en medio de las tormentas que afectaron el Sur. En ellas, se alertaba de que, por el\u00a0<strong>desborde de los reservorios de Sierra Pintada<\/strong>, el agua que luego potabiliza AYSAM se hab\u00eda contaminado con\u00a0<strong>material radioactivo<\/strong>.<\/p>\n<p><img decoding=\"async\" src=\"https:\/\/media.diariouno.com.ar\/p\/286d498ac28edfa5e614db0d35c7d1ee\/adjuntos\/298\/imagenes\/009\/694\/0009694084\/1200x0\/smart\/falsa-contaminacion-agua-san-rafael.jpg\" alt=\"El director de Miner\u00eda, Jer\u00f3nimo Shantal, recorri\u00f3 el complejo Sierra Pintada tras las advertencias sobre una presunta contaminaci\u00f3n del agua.\" \/><\/p>\n<p>El temor fue generalizado y no fueron pocos los que, ante la duda, prefirieron comprar\u00a0<strong>agua<\/strong>\u00a0mineral. Por ello, el Gobierno decidi\u00f3 tomar cartas en el asunto,\u00a0<strong>desmentir rotundamente el hecho<\/strong>\u00a0y denunciar a quienes considera responsables.<\/p>\n<h2>Denuncia contra antimineros por la fake news de la contaminaci\u00f3n del agua<\/h2>\n<p>El Gobierno apunt\u00f3 por la difusi\u00f3n de esta falsa noticia a dos\u00a0<strong>grupos antimineros<\/strong>:\u00a0<strong>\u00abAsamblea por el agua San Rafael\u00bb y \u00abAgrupaci\u00f3n Lucha Tierra y Agua\u00bb<\/strong>.<\/p>\n<p>\u201cAtemorizar a la poblaci\u00f3n tiene consecuencias jur\u00eddicas\u201d, dijo el ministro\u00a0<strong>Natalio Mema,<\/strong>\u00a0adelantando que habr\u00eda denuncias.<\/p>\n<p>Las actuaciones judiciales finalmente se concretaron v\u00eda\u00a0<strong>AYSAM<\/strong>\u00a0y el\u00a0<strong>Ministerio de Energ\u00eda<\/strong>. La primera ingres\u00f3 en la fiscal\u00eda correccional de Gustavo Stroppiana.<\/p>\n<p>\u201cDijeron que no se pod\u00eda tomar agua de red porque, por la crecida del r\u00edo Diamante y el arroyo El Tigre,\u00a0<strong>se hab\u00eda contaminado el agua<\/strong>\u00a0que luego potabiliza AYSAM y se gener\u00f3 una especie de temor\u201d, explic\u00f3 Mema sobre el hecho.<\/p>\n<p>Hacer eso, \u201cen el marco de una\u00a0<strong>tormenta<\/strong>\u00a0torrencial, es un delito. No vamos a permitir que un grupo de personas con intereses pol\u00edticos y econ\u00f3micos altere la tranquilidad de los mendocinos\u201d, agreg\u00f3 en sus redes sociales el\u00a0<strong>ministro de Gobierno<\/strong>.<\/p>\n<h2>Desmentida de la contaminaci\u00f3n del agua<\/h2>\n<p>\u201cEl\u00a0<strong>Ministerio de Energ\u00eda y Ambiente<\/strong>, en conjunto con el Departamento General de\u00a0<strong>Irrigaci\u00f3n<\/strong>, informa que\u00a0<strong>no se han registrado desbordes<\/strong>\u00a0del arroyo El Tigre ni de ninguno de los reservorios del complejo\u00a0<strong>Sierra Pintada<\/strong>\u201d, comunicaron este lunes tras una inspecci\u00f3n en el complejo, de la que particip\u00f3 el director de Miner\u00eda, Jer\u00f3nimo Shantal, con la que se constat\u00f3 el normal funcionamiento de las obras de contenci\u00f3n y niveles bajos de agua en los reservorios.<\/p>\n<p><img decoding=\"async\" src=\"https:\/\/media.diariouno.com.ar\/p\/6049dce53cebee5a3e40af1c624e2701\/adjuntos\/298\/imagenes\/009\/694\/0009694086\/1200x0\/smart\/rio-diamante-arroyo-el-tigre-agua-contaminacion.jpg\" alt=\"Gobierno advirti\u00f3 que no hubo contaminaci\u00f3n del agua potable con materiales radiactivos como se difundi\u00f3 en San Rafael.\" \/><\/p>\n<p>As\u00ed, confirmaron que no hubo desbordes ni situaciones de riesgo. Adem\u00e1s, dijeron desde el Gobierno, se tomaron muestras durante las\u00a0<strong>crecientes del r\u00edo Diamante<\/strong>\u00a0y del\u00a0<strong>agua<\/strong>\u00a0que ingresa al sistema de distribuci\u00f3n de\u00a0<strong>AYSAM<\/strong>.<\/p>\n<p>\u201cSe ha dispuesto la conformaci\u00f3n de una guardia de contingencia, destinada a realizar inspecciones de control en el complejo ante eventos hidrometeorol\u00f3gicos extraordinarios, realizando un\u00a0<strong>monitoreo permanente de la situaci\u00f3n<\/strong>\u00a0y aplicando las medidas preventivas necesarias\u201d, agregaron desde Energ\u00eda y Ambiente para llevar tranquilidad a la poblaci\u00f3n.<\/p>\n<p>Por su parte,\u00a0<strong>AYSAM\u00a0<\/strong>comunic\u00f3 oficialmente que \u201cla calidad del\u00a0<strong>agua\u00a0<\/strong>distribuida se encuentra garantizada y los sistemas de reserva est\u00e1n en proceso de normalizaci\u00f3n\u201d.<\/p>\n<h2>La denuncia del Gobierno<\/h2>\n<p>Funcionarios del gobierno de Alfredo Cornejo presentaron prueba documental basada en las publicaciones que se realizaron en redes sociales y en grupos de Whatsapp y tambi\u00e9n se\u00a0<strong>aportaron tel\u00e9fonos<\/strong>\u00a0y datos de las personas que se cree que estuvieron detr\u00e1s de la difusi\u00f3n de la falsa noticia.<\/p>\n<p>Seg\u00fan explicaron, las penas para los responsables de desinformar sobre un servicio b\u00e1sico como es el\u00a0<strong>agua<\/strong>\u00a0pueden ir desde multas o trabajo comunitario hasta prisi\u00f3n.<\/p>\n<\/div>\n<\/div>\n<\/div>\n","protected":false},"excerpt":{"rendered":"<p>\u201cAtemorizar a la poblaci\u00f3n tiene consecuencias jur\u00eddicas\u201d, asegur\u00f3 el ministro Natalio Mema tras el esc\u00e1ndalo con el agua que se gener\u00f3 &#8230;<\/p>\n","protected":false},"author":7,"featured_media":157281,"comment_status":"open","ping_status":"open","sticky":false,"template":"","format":"standard","meta":{"footnotes":""},"categories":[5,14],"tags":[],"class_list":["post-157274","post","type-post","status-publish","format-standard","has-post-thumbnail","hentry","category-actualidad","category-agro"],"_links":{"self":[{"href":"https:\/\/vinasfm.com\/noticias\/wp-json\/wp\/v2\/posts\/157274","targetHints":{"allow":["GET"]}}],"collection":[{"href":"https:\/\/vinasfm.com\/noticias\/wp-json\/wp\/v2\/posts"}],"about":[{"href":"https:\/\/vinasfm.com\/noticias\/wp-json\/wp\/v2\/types\/post"}],"author":[{"embeddable":true,"href":"https:\/\/vinasfm.com\/noticias\/wp-json\/wp\/v2\/users\/7"}],"replies":[{"embeddable":true,"href":"https:\/\/vinasfm.com\/noticias\/wp-json\/wp\/v2\/comments?post=157274"}],"version-history":[{"count":2,"href":"https:\/\/vinasfm.com\/noticias\/wp-json\/wp\/v2\/posts\/157274\/revisions"}],"predecessor-version":[{"id":157282,"href":"https:\/\/vinasfm.com\/noticias\/wp-json\/wp\/v2\/posts\/157274\/revisions\/157282"}],"wp:featuredmedia":[{"embeddable":true,"href":"https:\/\/vinasfm.com\/noticias\/wp-json\/wp\/v2\/media\/157281"}],"wp:attachment":[{"href":"https:\/\/vinasfm.com\/noticias\/wp-json\/wp\/v2\/media?parent=157274"}],"wp:term":[{"taxonomy":"category","embeddable":true,"href":"https:\/\/vinasfm.com\/noticias\/wp-json\/wp\/v2\/categories?post=157274"},{"taxonomy":"post_tag","embeddable":true,"href":"https:\/\/vinasfm.com\/noticias\/wp-json\/wp\/v2\/tags?post=157274"}],"curies":[{"name":"wp","href":"https:\/\/api.w.org\/{rel}","templated":true}]}}