{"id":157266,"date":"2026-01-27T09:41:13","date_gmt":"2026-01-27T12:41:13","guid":{"rendered":"https:\/\/vinasfm.com\/noticias\/?p=157266"},"modified":"2026-01-28T11:32:34","modified_gmt":"2026-01-28T14:32:34","slug":"general-alvear-avanza-en-gestiones-para-agregar-valor-a-la-produccion-de-alfalfa","status":"publish","type":"post","link":"https:\/\/vinasfm.com\/noticias\/general-alvear-avanza-en-gestiones-para-agregar-valor-a-la-produccion-de-alfalfa\/","title":{"rendered":"GENERAL ALVEAR AVANZA EN GESTIONES PARA AGREGAR VALOR A LA PRODUCCI\u00d3N DE ALFALFA"},"content":{"rendered":"<h4><strong>Funcionarios de la Municipalidad de General Alvear mantuvieron una reuni\u00f3n de trabajo en la provincia de San Luis con el objetivo de analizar alternativas para agregar valor a la producci\u00f3n forrajera local, en particular a la alfalfa. El encuentro se desarroll\u00f3 en la planta de Agrozal, ubicada en la localidad de Justo Daract, en el departamento Pedernera.<\/strong><\/h4>\n<p>En representaci\u00f3n del municipio participaron el intendente Alejandro Molero y el director de Agricultura Agust\u00edn Anzorena. La visita se enmarca en una estrategia orientada a consolidar el desarrollo forrajero como complemento de la matriz productiva del departamento.<\/p>\n<p><span style=\"color: #003366;\"><strong>Anzorena<\/strong> <\/span>explic\u00f3 que la iniciativa busca dar continuidad al programa forrajero implementado en General Alvear.<em><strong> \u201cEn el 2025 m\u00e1s de 50 productores se beneficiaron con un financiamiento para sembrar unas 500 hect\u00e1reas de alfalfa. El objetivo ahora es que ese producido no quede solo en rollos, sino poder darle valor agregado\u201d<\/strong><\/em>, se\u00f1al\u00f3. En ese sentido, indic\u00f3 que se eval\u00faa la conformaci\u00f3n de un esquema de acopio local que permita enviar la producci\u00f3n a plantas especializadas para su procesamiento y se busca que, a trav\u00e9s del Plan Forrajero, en 2026, se logre la implantaci\u00f3n de 1.500 hect\u00e1reas nuevas de alfalfa.<\/p>\n<p>El funcionario detall\u00f3 que, en una primera etapa, se apunta a promover la asociaci\u00f3n entre productores para acceder a este tipo de servicios industriales, y que a futuro se analiza la posibilidad de desarrollar una planta similar en el departamento.<strong><em> \u201cLa idea es avanzar hacia un modelo de articulaci\u00f3n p\u00fablico-privada que permita replicar este tipo de experiencias en General Alvear\u201d<\/em><\/strong>, sostuvo.<\/p>\n<p>Por su parte, el director de <em>Log\u00edstica Agropecuaria de Agrozal<\/em>, <span style=\"color: #003366;\"><strong>Santiago Aguilera<\/strong><\/span>, explic\u00f3 el funcionamiento del complejo. <em><strong>\u201cTrabajamos con dos unidades de negocio: el acopio y acondicionamiento de cereales y la compactaci\u00f3n de alfalfa para exportaci\u00f3n. Lo que hacemos es optimizar la relaci\u00f3n peso-volumen para mejorar la log\u00edstica y la salida al mercado externo\u201d<\/strong><\/em>, indic\u00f3.<\/p>\n<p>Aguilera destac\u00f3 adem\u00e1s la infraestructura del predio y su ubicaci\u00f3n estrat\u00e9gica sobre el corredor bioce\u00e1nico, lo que permite vincular producci\u00f3n, industrializaci\u00f3n y comercializaci\u00f3n. <em><strong>\u201cEl productor env\u00eda su material, nosotros lo procesamos y desde este mismo complejo puede llegar a cualquier mercado del mundo\u201d<\/strong><\/em>, afirm\u00f3.<\/p>\n<p>Desde la Municipalidad de General Alvear se\u00f1alaron que estas gestiones forman parte de una pol\u00edtica orientada a diversificar la producci\u00f3n agr\u00edcola, fortalecer el desarrollo forrajero y generar nuevas oportunidades para los productores del departamento.<\/p>\n<p>Adem\u00e1s se adelant\u00f3 que el pr\u00f3ximo paso a concretar es una reuni\u00f3n entre los Gobernadores para darle curso y continuidad a esta iniciativa.<\/p>\n","protected":false},"excerpt":{"rendered":"<p>Funcionarios de la Municipalidad de General Alvear mantuvieron una reuni\u00f3n de trabajo en la provincia de San Luis con el objetivo &#8230;<\/p>\n","protected":false},"author":7,"featured_media":157270,"comment_status":"open","ping_status":"open","sticky":false,"template":"","format":"standard","meta":{"footnotes":""},"categories":[5,14],"tags":[],"class_list":["post-157266","post","type-post","status-publish","format-standard","has-post-thumbnail","hentry","category-actualidad","category-agro"],"_links":{"self":[{"href":"https:\/\/vinasfm.com\/noticias\/wp-json\/wp\/v2\/posts\/157266","targetHints":{"allow":["GET"]}}],"collection":[{"href":"https:\/\/vinasfm.com\/noticias\/wp-json\/wp\/v2\/posts"}],"about":[{"href":"https:\/\/vinasfm.com\/noticias\/wp-json\/wp\/v2\/types\/post"}],"author":[{"embeddable":true,"href":"https:\/\/vinasfm.com\/noticias\/wp-json\/wp\/v2\/users\/7"}],"replies":[{"embeddable":true,"href":"https:\/\/vinasfm.com\/noticias\/wp-json\/wp\/v2\/comments?post=157266"}],"version-history":[{"count":1,"href":"https:\/\/vinasfm.com\/noticias\/wp-json\/wp\/v2\/posts\/157266\/revisions"}],"predecessor-version":[{"id":157269,"href":"https:\/\/vinasfm.com\/noticias\/wp-json\/wp\/v2\/posts\/157266\/revisions\/157269"}],"wp:featuredmedia":[{"embeddable":true,"href":"https:\/\/vinasfm.com\/noticias\/wp-json\/wp\/v2\/media\/157270"}],"wp:attachment":[{"href":"https:\/\/vinasfm.com\/noticias\/wp-json\/wp\/v2\/media?parent=157266"}],"wp:term":[{"taxonomy":"category","embeddable":true,"href":"https:\/\/vinasfm.com\/noticias\/wp-json\/wp\/v2\/categories?post=157266"},{"taxonomy":"post_tag","embeddable":true,"href":"https:\/\/vinasfm.com\/noticias\/wp-json\/wp\/v2\/tags?post=157266"}],"curies":[{"name":"wp","href":"https:\/\/api.w.org\/{rel}","templated":true}]}}