{"id":157206,"date":"2026-01-23T11:24:21","date_gmt":"2026-01-23T14:24:21","guid":{"rendered":"https:\/\/vinasfm.com\/noticias\/?p=157206"},"modified":"2026-01-23T11:24:21","modified_gmt":"2026-01-23T14:24:21","slug":"operativo-de-emergencia-en-el-aconcagua-rescatan-a-un-andinista-brasileno-a-6-000-metros-de-altura","status":"publish","type":"post","link":"https:\/\/vinasfm.com\/noticias\/operativo-de-emergencia-en-el-aconcagua-rescatan-a-un-andinista-brasileno-a-6-000-metros-de-altura\/","title":{"rendered":"OPERATIVO DE EMERGENCIA EN EL ACONCAGUA: RESCATAN A UN ANDINISTA BRASILE\u00d1O A 6.000 METROS DE ALTURA"},"content":{"rendered":"<h4 data-start=\"112\" data-end=\"353\"><span style=\"color: #003300;\">El turista, de 36 a\u00f1os, sufri\u00f3 Mal Agudo de Monta\u00f1a en el campamento C\u00f3lera. Fue evacuado mediante un complejo operativo de carga externa por la Patrulla de Rescate y el helic\u00f3ptero de la base.<\/span><\/h4>\n<p data-start=\"112\" data-end=\"353\">En una jornada de intensa actividad para los servicios de emergencia en alta monta\u00f1a, <strong>la Patrulla de Rescate logr\u00f3 evacuar con \u00e9xito a un andinista de nacionalidad brasile\u00f1a que se encontraba en estado cr\u00edtico en las zonas m\u00e1s altas del Parque Provincial Aconcagua.<\/strong><\/p>\n<p data-start=\"112\" data-end=\"353\">El alerta se recibi\u00f3 a las 12:20 horas, del d\u00eda jueves, desde el Campamento C\u00f3lera, ubicado a unos 6.000 metros sobre el nivel del mar (msnm). <strong>Seg\u00fan los informes del personal apostado en el lugar, un hombre identificado por sus iniciales como M.A. (36) presentaba una sintomatolog\u00eda grave que le imped\u00eda desplazarse por sus propios medios, comprometiendo seriamente su integridad f\u00edsica.<\/strong><\/p>\n<p data-start=\"112\" data-end=\"353\">Ante la gravedad del cuadro, efectivos de la Patrulla de Rescate se movilizaron de inmediato desde el refugio Nido de C\u00f3ndores hacia la posici\u00f3n de la v\u00edctima. Al mismo tiempo,<strong> se coordin\u00f3 un operativo de evacuaci\u00f3n a\u00e9rea de alta complejidad bajo la modalidad de \u00abcarga externa humana\u00bb (eslinga), debido a la altitud y las condiciones del terreno.<\/strong><\/p>\n<p data-start=\"112\" data-end=\"353\">Cerca de las 13:50 horas, el helic\u00f3ptero de rescate parti\u00f3 desde la base de Plaza de Mulas con personal policial hacia C\u00f3lera. <strong>Una vez realizado el contacto con el andinista, se procedi\u00f3 a su traslado junto a un rescatista hasta el campamento Nido de C\u00f3ndores (5.500 msnm).<\/strong><\/p>\n<p data-start=\"112\" data-end=\"353\">All\u00ed, el equipo m\u00e9dico de monta\u00f1a confirm\u00f3 el diagn\u00f3stico: Mal Agudo de Monta\u00f1a (MAM). Tras recibir las primeras asistencias para estabilizarlo, el helic\u00f3ptero fue reconfigurado para un traslado interno, derivando al turista hacia la base de Horcones para una atenci\u00f3n de mayor complejidad. Por su parte, el rescatista que particip\u00f3 en la maniobra fue trasladado de regreso a Plaza de Mulas.<\/p>\n<p data-start=\"112\" data-end=\"353\">Gracias a la r\u00e1pida intervenci\u00f3n y la coordinaci\u00f3n de los equipos de seguridad, el andinista pudo ser retirado de la zona de riesgo en menos de dos horas desde el inicio del vuelo de rescate.<\/p>\n","protected":false},"excerpt":{"rendered":"<p>El turista, de 36 a\u00f1os, sufri\u00f3 Mal Agudo de Monta\u00f1a en el campamento C\u00f3lera. Fue evacuado mediante un complejo operativo de &#8230;<\/p>\n","protected":false},"author":7,"featured_media":157208,"comment_status":"open","ping_status":"open","sticky":false,"template":"","format":"standard","meta":{"footnotes":""},"categories":[1],"tags":[],"class_list":["post-157206","post","type-post","status-publish","format-standard","has-post-thumbnail","hentry","category-fmvinas"],"_links":{"self":[{"href":"https:\/\/vinasfm.com\/noticias\/wp-json\/wp\/v2\/posts\/157206","targetHints":{"allow":["GET"]}}],"collection":[{"href":"https:\/\/vinasfm.com\/noticias\/wp-json\/wp\/v2\/posts"}],"about":[{"href":"https:\/\/vinasfm.com\/noticias\/wp-json\/wp\/v2\/types\/post"}],"author":[{"embeddable":true,"href":"https:\/\/vinasfm.com\/noticias\/wp-json\/wp\/v2\/users\/7"}],"replies":[{"embeddable":true,"href":"https:\/\/vinasfm.com\/noticias\/wp-json\/wp\/v2\/comments?post=157206"}],"version-history":[{"count":3,"href":"https:\/\/vinasfm.com\/noticias\/wp-json\/wp\/v2\/posts\/157206\/revisions"}],"predecessor-version":[{"id":157211,"href":"https:\/\/vinasfm.com\/noticias\/wp-json\/wp\/v2\/posts\/157206\/revisions\/157211"}],"wp:featuredmedia":[{"embeddable":true,"href":"https:\/\/vinasfm.com\/noticias\/wp-json\/wp\/v2\/media\/157208"}],"wp:attachment":[{"href":"https:\/\/vinasfm.com\/noticias\/wp-json\/wp\/v2\/media?parent=157206"}],"wp:term":[{"taxonomy":"category","embeddable":true,"href":"https:\/\/vinasfm.com\/noticias\/wp-json\/wp\/v2\/categories?post=157206"},{"taxonomy":"post_tag","embeddable":true,"href":"https:\/\/vinasfm.com\/noticias\/wp-json\/wp\/v2\/tags?post=157206"}],"curies":[{"name":"wp","href":"https:\/\/api.w.org\/{rel}","templated":true}]}}