{"id":157089,"date":"2026-01-19T10:24:32","date_gmt":"2026-01-19T13:24:32","guid":{"rendered":"https:\/\/vinasfm.com\/noticias\/?p=157089"},"modified":"2026-01-19T10:24:32","modified_gmt":"2026-01-19T13:24:32","slug":"raquel-lucero-es-la-nueva-reina-del-adulto-mayor","status":"publish","type":"post","link":"https:\/\/vinasfm.com\/noticias\/raquel-lucero-es-la-nueva-reina-del-adulto-mayor\/","title":{"rendered":"RAQUEL LUCERO ES LA NUEVA REINA DEL ADULTO MAYOR"},"content":{"rendered":"<h4><span style=\"color: #003300;\"><strong>Este s\u00e1bado se llev\u00f3 a cabo la Fiesta Departamental del Adulto Mayor \u201cLatidos de mi Tierra\u201d en el Teatro Antonio Lafalla, con una propuesta que incluy\u00f3 espect\u00e1culos art\u00edsticos y la participaci\u00f3n del ballet folkl\u00f3rico de adultos mayores. En el marco del encuentro, se realiz\u00f3 la elecci\u00f3n de la Reina Departamental del Adulto Mayor.<\/strong><\/span><\/h4>\n<p>En esta edici\u00f3n fue electa<span style=\"color: #003366;\"><strong> Raquel Lucero<\/strong><\/span>, <em>representante del distrito de Bowen<\/em>, quien reemplazar\u00e1 a <span style=\"color: #003366;\"><strong>N\u00e9lida Arancibia<\/strong><\/span> y ser\u00e1 la encargada de representar al departamento en las instancias provinciales.<\/p>\n<p>El <em>director de Adultos Mayores de la Provincia de Mendoza<\/em>, <span style=\"color: #003366;\"><strong>Lucas Luppo<\/strong><\/span>, acompa\u00f1\u00f3 la jornada y destac\u00f3 el trabajo conjunto que se viene realizando en el departamento en materia de pol\u00edticas p\u00fablicas destinadas a personas mayores, valorando la participaci\u00f3n y el acompa\u00f1amiento de la comunidad alvearense.<\/p>\n<p><a href=\"https:\/\/vinasfm.com\/noticias\/wp-content\/uploads\/2026\/01\/FB_IMG_1768828990720.jpg\"><img loading=\"lazy\" decoding=\"async\" class=\"alignnone size-large wp-image-157092\" src=\"https:\/\/vinasfm.com\/noticias\/wp-content\/uploads\/2026\/01\/FB_IMG_1768828990720-1024x682.jpg\" alt=\"\" width=\"1024\" height=\"682\" srcset=\"https:\/\/vinasfm.com\/noticias\/wp-content\/uploads\/2026\/01\/FB_IMG_1768828990720-1024x682.jpg 1024w, https:\/\/vinasfm.com\/noticias\/wp-content\/uploads\/2026\/01\/FB_IMG_1768828990720-300x200.jpg 300w, https:\/\/vinasfm.com\/noticias\/wp-content\/uploads\/2026\/01\/FB_IMG_1768828990720-768x512.jpg 768w, https:\/\/vinasfm.com\/noticias\/wp-content\/uploads\/2026\/01\/FB_IMG_1768828990720.jpg 1066w\" sizes=\"auto, (max-width: 1024px) 100vw, 1024px\" \/><\/a><\/p>\n<p>Por su parte, la flamante reina expres\u00f3 su emoci\u00f3n tras la elecci\u00f3n: <em><strong>\u201ces una sensaci\u00f3n hermosa ver a mi gente aplaudi\u00e9ndome y acompa\u00f1\u00e1ndome. Representar al centro de jubilados de Bowen es un orgullo y voy a tratar de estar presente y ayudar en todo lo que pueda\u201d.<\/strong><\/em><\/p>\n<p>La fiesta convoc\u00f3 a una importante cantidad de vecinos y familias, reafirmando el valor de estos espacios de encuentro, participaci\u00f3n y reconocimiento para los adultos mayores de General Alvear.<\/p>\n<p><a href=\"https:\/\/vinasfm.com\/noticias\/wp-content\/uploads\/2026\/01\/FB_IMG_1768828994906.jpg\"><img loading=\"lazy\" decoding=\"async\" class=\"alignnone size-large wp-image-157090\" src=\"https:\/\/vinasfm.com\/noticias\/wp-content\/uploads\/2026\/01\/FB_IMG_1768828994906-1024x682.jpg\" alt=\"\" width=\"1024\" height=\"682\" srcset=\"https:\/\/vinasfm.com\/noticias\/wp-content\/uploads\/2026\/01\/FB_IMG_1768828994906-1024x682.jpg 1024w, https:\/\/vinasfm.com\/noticias\/wp-content\/uploads\/2026\/01\/FB_IMG_1768828994906-300x200.jpg 300w, https:\/\/vinasfm.com\/noticias\/wp-content\/uploads\/2026\/01\/FB_IMG_1768828994906-768x512.jpg 768w, https:\/\/vinasfm.com\/noticias\/wp-content\/uploads\/2026\/01\/FB_IMG_1768828994906.jpg 1066w\" sizes=\"auto, (max-width: 1024px) 100vw, 1024px\" \/><\/a><\/p>\n","protected":false},"excerpt":{"rendered":"<p>Este s\u00e1bado se llev\u00f3 a cabo la Fiesta Departamental del Adulto Mayor \u201cLatidos de mi Tierra\u201d en el Teatro Antonio Lafalla, &#8230;<\/p>\n","protected":false},"author":7,"featured_media":157091,"comment_status":"open","ping_status":"open","sticky":false,"template":"","format":"standard","meta":{"footnotes":""},"categories":[1],"tags":[],"class_list":["post-157089","post","type-post","status-publish","format-standard","has-post-thumbnail","hentry","category-fmvinas"],"_links":{"self":[{"href":"https:\/\/vinasfm.com\/noticias\/wp-json\/wp\/v2\/posts\/157089","targetHints":{"allow":["GET"]}}],"collection":[{"href":"https:\/\/vinasfm.com\/noticias\/wp-json\/wp\/v2\/posts"}],"about":[{"href":"https:\/\/vinasfm.com\/noticias\/wp-json\/wp\/v2\/types\/post"}],"author":[{"embeddable":true,"href":"https:\/\/vinasfm.com\/noticias\/wp-json\/wp\/v2\/users\/7"}],"replies":[{"embeddable":true,"href":"https:\/\/vinasfm.com\/noticias\/wp-json\/wp\/v2\/comments?post=157089"}],"version-history":[{"count":1,"href":"https:\/\/vinasfm.com\/noticias\/wp-json\/wp\/v2\/posts\/157089\/revisions"}],"predecessor-version":[{"id":157093,"href":"https:\/\/vinasfm.com\/noticias\/wp-json\/wp\/v2\/posts\/157089\/revisions\/157093"}],"wp:featuredmedia":[{"embeddable":true,"href":"https:\/\/vinasfm.com\/noticias\/wp-json\/wp\/v2\/media\/157091"}],"wp:attachment":[{"href":"https:\/\/vinasfm.com\/noticias\/wp-json\/wp\/v2\/media?parent=157089"}],"wp:term":[{"taxonomy":"category","embeddable":true,"href":"https:\/\/vinasfm.com\/noticias\/wp-json\/wp\/v2\/categories?post=157089"},{"taxonomy":"post_tag","embeddable":true,"href":"https:\/\/vinasfm.com\/noticias\/wp-json\/wp\/v2\/tags?post=157089"}],"curies":[{"name":"wp","href":"https:\/\/api.w.org\/{rel}","templated":true}]}}