{"id":157055,"date":"2026-01-16T08:59:08","date_gmt":"2026-01-16T11:59:08","guid":{"rendered":"https:\/\/vinasfm.com\/noticias\/?p=157055"},"modified":"2026-01-16T08:59:08","modified_gmt":"2026-01-16T11:59:08","slug":"tadeo-garcia-zalazar-estamos-desarrollando-un-proyecto-integral-de-infraestructura-en-todas-las-escuelas","status":"publish","type":"post","link":"https:\/\/vinasfm.com\/noticias\/tadeo-garcia-zalazar-estamos-desarrollando-un-proyecto-integral-de-infraestructura-en-todas-las-escuelas\/","title":{"rendered":"TADEO GARC\u00cdA ZALAZAR: \u201cESTAMOS DESARROLLANDO UN PROYECTO INTEGRAL DE INFRAESTRUCTURA EN TODAS LAS ESCUELAS\u201d"},"content":{"rendered":"<h4 class=\"wp-block-heading\"><span style=\"color: #003300;\"><strong>El ministro recorri\u00f3 escuelas del departamento de Las Heras para acompa\u00f1ar el Operativo Verano, una iniciativa que se implementa durante las vacaciones para realizar diferentes obras de infraestructura escolar que mejoren los espacios educativos y acompa\u00f1en los trayectos escolares con calidad.<\/strong><\/span><\/h4>\n<p>El <em>ministro de Educaci\u00f3n, Cultura, Infancias y DGE<\/em>, <span style=\"color: #003366;\"><strong>Tadeo Garc\u00eda Zalazar<\/strong><\/span>, visit\u00f3 este jueves la Escuela 1-018 Juan Gregorio Las Heras, el Jard\u00edn de Infantes 0-124 y la Escuela 1-282 Francisco Moyano, todas de Las Heras, donde se desarrolla el Operativo Pintura Escolar 2026 y otras obras de infraestructura, con el fin de comenzar el ciclo lectivo 2026 en condiciones edilicias apropiadas.<\/p>\n<p><strong><em>\u201cEstamos haciendo un recorrido de lo que denominamos Operativo Verano, que involucra tareas de pintura, reparaciones, mantenimiento y en algunos casos ampliaciones de escuelas. En estas recorridas trabajamos en conjunto con los municipios, que acompa\u00f1an tambi\u00e9n con recursos para el arreglo de patios, toldos, salones de actos y otros espacios escolares\u201d<\/em><\/strong>, explic\u00f3 Tadeo Garc\u00eda Zalazar.<\/p>\n<p><strong><em>\u201cAprovechamos la temporada de vacaciones de los estudiantes para que nuestro personal de infraestructura haga las reparaciones que son necesarias dentro de las escuelas. Recordemos que tenemos cerca de 1. 600 edificios escolares y en este momento estamos entregando la pintura para todos mediante las cuadrillas de trabajo. La idea es que al inicio del ciclo lectivo 2026 tengamos las escuelas en condiciones\u201d<\/em><\/strong>, sostuvo el ministro.<\/p>\n<p>Garc\u00eda Zalazar destac\u00f3 que tambi\u00e9n se est\u00e1n haciendo reparaciones de mayor envergadura sumando tambi\u00e9n instalaciones de aulas portantes en las escuelas que lo estaban necesitando.<\/p>\n<p><img decoding=\"async\" src=\"https:\/\/mza-dicaws-portal-uploads-media-prod.s3.amazonaws.com\/prensa\/uploads\/2026\/01\/WhatsApp-Image-2026-01-15-at-14.08.04-1200x675.jpeg\" \/><\/p>\n<h2><strong>Inversi\u00f3n de 180 millones de pesos en la escuela Francisco Moyano<\/strong><\/h2>\n<p>El <em>subsecretario de Infraestructura Escolar, Cultural y de Infancias<\/em>,<span style=\"color: #003366;\"><strong> Carlos Daparo<\/strong><\/span>, explic\u00f3 que, adem\u00e1s de implementar el Operativo Pintura Escolar, que llegar\u00e1 a todas las escuelas mendocinas, tambi\u00e9n se est\u00e1n llevando a cabo reparaciones integrales.<em><strong> \u201cEn la escuela 1-282 Francisco Moyano estamos reparando todas las aulas, paredes, pinturas, frente del edificio, obras de saneamiento, agua, play\u00f3n deportivo, patios\u201d<\/strong><\/em>, dijo Daparo.<\/p>\n<p>La inversi\u00f3n en esta instituci\u00f3n ubicada en El Algarrobal ser\u00e1 de m\u00e1s de 180 millones de pesos en una primera etapa para poner en valor una escuela tan emblem\u00e1tica de la provincia. \u201cAdem\u00e1s, estamos atendiendo m\u00e1s de 500 escuelas en toda la provincia con una inversi\u00f3n de m\u00e1s de 25.000 millones de pesos en el primer trimestre para comenzar el ciclo lectivo 2026 lo mejor posible\u201d, agreg\u00f3 el subsecretario.<\/p>\n","protected":false},"excerpt":{"rendered":"<p>El ministro recorri\u00f3 escuelas del departamento de Las Heras para acompa\u00f1ar el Operativo Verano, una iniciativa que se implementa durante las &#8230;<\/p>\n","protected":false},"author":7,"featured_media":157058,"comment_status":"open","ping_status":"open","sticky":false,"template":"","format":"standard","meta":{"footnotes":""},"categories":[1],"tags":[],"class_list":["post-157055","post","type-post","status-publish","format-standard","has-post-thumbnail","hentry","category-fmvinas"],"_links":{"self":[{"href":"https:\/\/vinasfm.com\/noticias\/wp-json\/wp\/v2\/posts\/157055","targetHints":{"allow":["GET"]}}],"collection":[{"href":"https:\/\/vinasfm.com\/noticias\/wp-json\/wp\/v2\/posts"}],"about":[{"href":"https:\/\/vinasfm.com\/noticias\/wp-json\/wp\/v2\/types\/post"}],"author":[{"embeddable":true,"href":"https:\/\/vinasfm.com\/noticias\/wp-json\/wp\/v2\/users\/7"}],"replies":[{"embeddable":true,"href":"https:\/\/vinasfm.com\/noticias\/wp-json\/wp\/v2\/comments?post=157055"}],"version-history":[{"count":2,"href":"https:\/\/vinasfm.com\/noticias\/wp-json\/wp\/v2\/posts\/157055\/revisions"}],"predecessor-version":[{"id":157060,"href":"https:\/\/vinasfm.com\/noticias\/wp-json\/wp\/v2\/posts\/157055\/revisions\/157060"}],"wp:featuredmedia":[{"embeddable":true,"href":"https:\/\/vinasfm.com\/noticias\/wp-json\/wp\/v2\/media\/157058"}],"wp:attachment":[{"href":"https:\/\/vinasfm.com\/noticias\/wp-json\/wp\/v2\/media?parent=157055"}],"wp:term":[{"taxonomy":"category","embeddable":true,"href":"https:\/\/vinasfm.com\/noticias\/wp-json\/wp\/v2\/categories?post=157055"},{"taxonomy":"post_tag","embeddable":true,"href":"https:\/\/vinasfm.com\/noticias\/wp-json\/wp\/v2\/tags?post=157055"}],"curies":[{"name":"wp","href":"https:\/\/api.w.org\/{rel}","templated":true}]}}