{"id":157039,"date":"2026-01-15T10:38:05","date_gmt":"2026-01-15T13:38:05","guid":{"rendered":"https:\/\/vinasfm.com\/noticias\/?p=157039"},"modified":"2026-01-15T10:38:05","modified_gmt":"2026-01-15T13:38:05","slug":"el-registro-civil-de-mendoza-informa-sobre-la-renovacion-obligatoria-de-dni-proximos-a-vencer","status":"publish","type":"post","link":"https:\/\/vinasfm.com\/noticias\/el-registro-civil-de-mendoza-informa-sobre-la-renovacion-obligatoria-de-dni-proximos-a-vencer\/","title":{"rendered":"EL REGISTRO CIVIL DE MENDOZA INFORMA SOBRE LA RENOVACI\u00d3N OBLIGATORIA DE DNI PR\u00d3XIMOS A VENCER"},"content":{"rendered":"<h4 class=\"wp-block-heading\"><span style=\"color: #003300;\"><strong>Desde el Registro Civil de Mendoza recomiendan verificar la fecha de vencimiento y solicitar turno con anticipaci\u00f3n a trav\u00e9s de la aplicaci\u00f3n M\u00d7M para evitar inconvenientes en tr\u00e1mites y viajes.<\/strong><\/span><\/h4>\n<p>Desde el <strong>Registro Civil de Mendoza<\/strong> indicaron que una parte de la poblaci\u00f3n debe <strong>verificar la fecha de vencimiento de su documento nacional de identidad,<\/strong> ya que se aproxima el plazo l\u00edmite de vigencia del DNI tarjeta y del antiguo DNI azul, ambos con una duraci\u00f3n de 15 a\u00f1os desde su emisi\u00f3n.<\/p>\n<p>En este sentido, informaron que<strong> los DNI tarjeta emitidos en 2011 comienzan a perder validez, por lo que resulta necesaria su renovaci\u00f3n para poder realizar tr\u00e1mites administrativos, gestiones bancarias o viajes al exterior.<\/strong> El documento vigente es un requisito indispensable para acreditar la identidad en m\u00faltiples situaciones de la vida cotidiana.<\/p>\n<p><span style=\"color: #003366;\"><strong>Agust\u00edn P\u00edscopo<\/strong><\/span>, director del Registro Civil, aconsej\u00f3 a los ciudadanos:<em><strong> \u201cEs importante que gestionen con anticipaci\u00f3n el turno correspondiente a trav\u00e9s de la aplicaci\u00f3n M\u00d7M, plataforma oficial del Gobierno de Mendoza. Adem\u00e1s de solicitar turnos para la renovaci\u00f3n del DNI, la\u00a0app\u00a0permite acceder a partidas y a distintos documentos oficiales vinculados a la informaci\u00f3n personal, de manera \u00e1gil y segura\u201d<\/strong><\/em>.<\/p>\n","protected":false},"excerpt":{"rendered":"<p>Desde el Registro Civil de Mendoza recomiendan verificar la fecha de vencimiento y solicitar turno con anticipaci\u00f3n a trav\u00e9s de la &#8230;<\/p>\n","protected":false},"author":7,"featured_media":157041,"comment_status":"open","ping_status":"open","sticky":false,"template":"","format":"standard","meta":{"footnotes":""},"categories":[1],"tags":[],"class_list":["post-157039","post","type-post","status-publish","format-standard","has-post-thumbnail","hentry","category-fmvinas"],"_links":{"self":[{"href":"https:\/\/vinasfm.com\/noticias\/wp-json\/wp\/v2\/posts\/157039","targetHints":{"allow":["GET"]}}],"collection":[{"href":"https:\/\/vinasfm.com\/noticias\/wp-json\/wp\/v2\/posts"}],"about":[{"href":"https:\/\/vinasfm.com\/noticias\/wp-json\/wp\/v2\/types\/post"}],"author":[{"embeddable":true,"href":"https:\/\/vinasfm.com\/noticias\/wp-json\/wp\/v2\/users\/7"}],"replies":[{"embeddable":true,"href":"https:\/\/vinasfm.com\/noticias\/wp-json\/wp\/v2\/comments?post=157039"}],"version-history":[{"count":2,"href":"https:\/\/vinasfm.com\/noticias\/wp-json\/wp\/v2\/posts\/157039\/revisions"}],"predecessor-version":[{"id":157042,"href":"https:\/\/vinasfm.com\/noticias\/wp-json\/wp\/v2\/posts\/157039\/revisions\/157042"}],"wp:featuredmedia":[{"embeddable":true,"href":"https:\/\/vinasfm.com\/noticias\/wp-json\/wp\/v2\/media\/157041"}],"wp:attachment":[{"href":"https:\/\/vinasfm.com\/noticias\/wp-json\/wp\/v2\/media?parent=157039"}],"wp:term":[{"taxonomy":"category","embeddable":true,"href":"https:\/\/vinasfm.com\/noticias\/wp-json\/wp\/v2\/categories?post=157039"},{"taxonomy":"post_tag","embeddable":true,"href":"https:\/\/vinasfm.com\/noticias\/wp-json\/wp\/v2\/tags?post=157039"}],"curies":[{"name":"wp","href":"https:\/\/api.w.org\/{rel}","templated":true}]}}