{"id":157033,"date":"2026-01-15T09:16:54","date_gmt":"2026-01-15T12:16:54","guid":{"rendered":"https:\/\/vinasfm.com\/noticias\/?p=157033"},"modified":"2026-01-15T09:16:54","modified_gmt":"2026-01-15T12:16:54","slug":"incendio-en-la-planta-de-residuos-solidos-urbanos-fueron-afectadas-500-toneladas-de-desechos","status":"publish","type":"post","link":"https:\/\/vinasfm.com\/noticias\/incendio-en-la-planta-de-residuos-solidos-urbanos-fueron-afectadas-500-toneladas-de-desechos\/","title":{"rendered":"INCENDIO EN LA PLANTA DE RESIDUOS S\u00d3LIDOS URBANOS: FUERON AFECTADAS 500 TONELADAS DE DESECHOS"},"content":{"rendered":"<p><span style=\"color: #003300;\"><strong>\u00a0El siniestro se origin\u00f3 en la zona de disposici\u00f3n de residuos de tipo B y C. A pesar de que las llamas fueron contenidas, las autoridades advierten que las tareas para mitigar el humo persistir\u00e1n durante varios d\u00edas debido a la alta carga combustible en el sector.<\/strong><\/span><\/p>\n<p>En di\u00e1logo con<span style=\"color: #993366;\"><strong> FM VI\u00d1AS<\/strong><\/span>, el <em>Asesor de Gesti\u00f3n Ambiental<\/em>, <span style=\"color: #003366;\"><strong>Denis Rabanal<\/strong><\/span>, brind\u00f3 detalles sobre el incendio que afect\u00f3 un sector estrat\u00e9gico de la Planta de Residuos S\u00f3lidos Urbanos del municipio. <strong>El fuego alcanz\u00f3 el \u00e1rea destinada a la disposici\u00f3n de escombros, restos de poda y jardiner\u00eda, as\u00ed como cart\u00f3n, vidrios y pl\u00e1sticos, materiales que representan un volumen de gesti\u00f3n de aproximadamente 90.000 kilos diarios.<\/strong><\/p>\n<p>El incendio se inici\u00f3 este martes alrededor de las 16:30 horas. Seg\u00fan explic\u00f3 Rabanal, <strong>el foco comenz\u00f3 en el sector sur y, pese a que el viento soplaba desde el norte (en direcci\u00f3n contraria), la gran carga de combustible \u2014compuesta principalmente por ramer\u00edo seco y c\u00e9sped\u2014 permiti\u00f3 que las llamas avanzaran con rapidez.<\/strong><\/p>\n<p>El sector afectado se encontraba en un proceso de remediaci\u00f3n t\u00e9cnica, con un avance del 30%, que consist\u00eda en el compactado de residuos y cobertura con capas de tierra. Esta labor se realiza bajo asesoramiento t\u00e9cnico y con maquinaria provista por la Subsecretar\u00eda de Ambiente de la Provincia, incluyendo una topadora que fue clave para las tareas de control.<\/p>\n<h3>Operativo conjunto<\/h3>\n<p>Para evitar que el siniestro se propagara hacia la zona de monte, se despleg\u00f3 un operativo integrado por:<\/p>\n<ul>\n<li>\u00a0Defensa Civil.<\/li>\n<li>\u00c1reas de Gesti\u00f3n Ambiental y Servicios P\u00fablicos.<\/li>\n<li>Brigadistas del Plan Provincial de Manejo del Fuego.<\/li>\n<\/ul>\n<p>Las cuadrillas trabajaron ensanchando las picadas cortafuegos perimetrales para confinar el incendio. <em><strong>\u00abLo positivo es que el fuego est\u00e1 controlado y no se va a extender hacia el monte\u00bb<\/strong><\/em>, asegur\u00f3 el funcionario.<\/p>\n<p>Aunque el fuego en la superficie ya se consumi\u00f3, Rabanal advirti\u00f3 que la zona permanece a temperaturas muy elevadas y con una intensa generaci\u00f3n de humo. <em><strong>\u00abSeguramente por abajo algo debe seguir ardiendo. Estamos trabajando en las periferias tapando con tierra y vertiendo agua para enfriar, pero el humo persistir\u00e1 por varios d\u00edas debido a la amplitud del terreno\u00bb<\/strong><\/em>, detall\u00f3.<\/p>\n<p>Para garantizar la continuidad del servicio de limpieza urbana sin alimentar el foco \u00edgneo, el municipio ha tomado las siguientes medidas:<\/p>\n<ul>\n<li>\u00a0Habilitaci\u00f3n de un sector de emergencia: Se acondicion\u00f3 una zona prevista para el futuro para recibir las m\u00e1s de 90 toneladas de basura que ingresan diariamente.<\/li>\n<li>Monitoreo constante: Se mantiene guardia de cenizas ante las elevadas temperaturas ambientales y el viento moderado.<\/li>\n<li>Continuidad de la remediaci\u00f3n: Una vez controlada la temperatura, se retomar\u00e1n los trabajos de tapado definitivo con capas de tierra.<\/li>\n<\/ul>\n","protected":false},"excerpt":{"rendered":"<p>\u00a0El siniestro se origin\u00f3 en la zona de disposici\u00f3n de residuos de tipo B y C. A pesar de que las &#8230;<\/p>\n","protected":false},"author":7,"featured_media":157034,"comment_status":"open","ping_status":"open","sticky":false,"template":"","format":"standard","meta":{"footnotes":""},"categories":[1],"tags":[],"class_list":["post-157033","post","type-post","status-publish","format-standard","has-post-thumbnail","hentry","category-fmvinas"],"_links":{"self":[{"href":"https:\/\/vinasfm.com\/noticias\/wp-json\/wp\/v2\/posts\/157033","targetHints":{"allow":["GET"]}}],"collection":[{"href":"https:\/\/vinasfm.com\/noticias\/wp-json\/wp\/v2\/posts"}],"about":[{"href":"https:\/\/vinasfm.com\/noticias\/wp-json\/wp\/v2\/types\/post"}],"author":[{"embeddable":true,"href":"https:\/\/vinasfm.com\/noticias\/wp-json\/wp\/v2\/users\/7"}],"replies":[{"embeddable":true,"href":"https:\/\/vinasfm.com\/noticias\/wp-json\/wp\/v2\/comments?post=157033"}],"version-history":[{"count":2,"href":"https:\/\/vinasfm.com\/noticias\/wp-json\/wp\/v2\/posts\/157033\/revisions"}],"predecessor-version":[{"id":157036,"href":"https:\/\/vinasfm.com\/noticias\/wp-json\/wp\/v2\/posts\/157033\/revisions\/157036"}],"wp:featuredmedia":[{"embeddable":true,"href":"https:\/\/vinasfm.com\/noticias\/wp-json\/wp\/v2\/media\/157034"}],"wp:attachment":[{"href":"https:\/\/vinasfm.com\/noticias\/wp-json\/wp\/v2\/media?parent=157033"}],"wp:term":[{"taxonomy":"category","embeddable":true,"href":"https:\/\/vinasfm.com\/noticias\/wp-json\/wp\/v2\/categories?post=157033"},{"taxonomy":"post_tag","embeddable":true,"href":"https:\/\/vinasfm.com\/noticias\/wp-json\/wp\/v2\/tags?post=157033"}],"curies":[{"name":"wp","href":"https:\/\/api.w.org\/{rel}","templated":true}]}}