{"id":157023,"date":"2026-01-15T08:37:00","date_gmt":"2026-01-15T11:37:00","guid":{"rendered":"https:\/\/vinasfm.com\/noticias\/?p=157023"},"modified":"2026-01-15T08:37:00","modified_gmt":"2026-01-15T11:37:00","slug":"se-disputo-la-segunda-fecha-del-campeonato-de-natacion","status":"publish","type":"post","link":"https:\/\/vinasfm.com\/noticias\/se-disputo-la-segunda-fecha-del-campeonato-de-natacion\/","title":{"rendered":"SE DISPUT\u00d3 LA SEGUNDA FECHA DEL CAMPEONATO DE NATACI\u00d3N"},"content":{"rendered":"<h4><span style=\"color: #003300;\"><strong>Este mi\u00e9rcoles se desarroll\u00f3 la segunda fecha del campeonato departamental de nataci\u00f3n, con la participaci\u00f3n de todas las colonias de verano de General Alvear. La jornada tuvo lugar en las instalaciones del Club Banco Naci\u00f3n, que cedi\u00f3 el espacio para la realizaci\u00f3n de la competencia.<\/strong><\/span><\/h4>\n<p>El profesor <span style=\"color: #003366;\"><strong>Cristian Sosa<\/strong><\/span> destac\u00f3 la convocatoria y el crecimiento de los participantes. <em><strong>\u201cEstamos en la segunda fecha ac\u00e1 en el Club Banco Naci\u00f3n, muy contentos de tener muchos colonos nadando. Nos visitaron colonias de afuera, como Bowen, colonias privadas y tambi\u00e9n chicos del club, que nos presta las instalaciones para poder llevar adelante este evento\u201d<\/strong><\/em>, expres\u00f3.<\/p>\n<p>Sosa remarc\u00f3 adem\u00e1s el progreso que vienen mostrando los nadadores a lo largo del campeonato. <em><strong>\u201cSe nota el avance que han tenido los chicos. El objetivo general de todo esto es el cruce a Valle Grande, que se va a realizar el d\u00eda 28. Son tres fechas de nataci\u00f3n m\u00e1s el cruce, que tambi\u00e9n se est\u00e1 preparando para que sea un lindo evento\u201d<\/strong><\/em>, explic\u00f3.<\/p>\n<p>En relaci\u00f3n a la importancia de la actividad, el profesor subray\u00f3 el valor formativo de la nataci\u00f3n. <em><strong>\u201cUno de los objetivos que plantea el director de Deportes es que los chicos aprendan a nadar, porque es fundamental para la vida\u201d<\/strong><\/em>, se\u00f1al\u00f3.<\/p>\n<p>Finalmente, Sosa destac\u00f3 el acompa\u00f1amiento de las familias y la cantidad de participantes.<em><strong> \u201cLos torneos los incentivan mucho, y tambi\u00e9n a los pap\u00e1s, que hoy han venido en gran n\u00famero. Tenemos m\u00e1s de cien chicos nadando, as\u00ed que es realmente importante\u201d<\/strong><\/em>, concluy\u00f3.<\/p>\n","protected":false},"excerpt":{"rendered":"<p>Este mi\u00e9rcoles se desarroll\u00f3 la segunda fecha del campeonato departamental de nataci\u00f3n, con la participaci\u00f3n de todas las colonias de verano &#8230;<\/p>\n","protected":false},"author":7,"featured_media":157025,"comment_status":"open","ping_status":"open","sticky":false,"template":"","format":"standard","meta":{"footnotes":""},"categories":[1],"tags":[],"class_list":["post-157023","post","type-post","status-publish","format-standard","has-post-thumbnail","hentry","category-fmvinas"],"_links":{"self":[{"href":"https:\/\/vinasfm.com\/noticias\/wp-json\/wp\/v2\/posts\/157023","targetHints":{"allow":["GET"]}}],"collection":[{"href":"https:\/\/vinasfm.com\/noticias\/wp-json\/wp\/v2\/posts"}],"about":[{"href":"https:\/\/vinasfm.com\/noticias\/wp-json\/wp\/v2\/types\/post"}],"author":[{"embeddable":true,"href":"https:\/\/vinasfm.com\/noticias\/wp-json\/wp\/v2\/users\/7"}],"replies":[{"embeddable":true,"href":"https:\/\/vinasfm.com\/noticias\/wp-json\/wp\/v2\/comments?post=157023"}],"version-history":[{"count":2,"href":"https:\/\/vinasfm.com\/noticias\/wp-json\/wp\/v2\/posts\/157023\/revisions"}],"predecessor-version":[{"id":157029,"href":"https:\/\/vinasfm.com\/noticias\/wp-json\/wp\/v2\/posts\/157023\/revisions\/157029"}],"wp:featuredmedia":[{"embeddable":true,"href":"https:\/\/vinasfm.com\/noticias\/wp-json\/wp\/v2\/media\/157025"}],"wp:attachment":[{"href":"https:\/\/vinasfm.com\/noticias\/wp-json\/wp\/v2\/media?parent=157023"}],"wp:term":[{"taxonomy":"category","embeddable":true,"href":"https:\/\/vinasfm.com\/noticias\/wp-json\/wp\/v2\/categories?post=157023"},{"taxonomy":"post_tag","embeddable":true,"href":"https:\/\/vinasfm.com\/noticias\/wp-json\/wp\/v2\/tags?post=157023"}],"curies":[{"name":"wp","href":"https:\/\/api.w.org\/{rel}","templated":true}]}}