{"id":157011,"date":"2026-01-14T09:17:52","date_gmt":"2026-01-14T12:17:52","guid":{"rendered":"https:\/\/vinasfm.com\/noticias\/?p=157011"},"modified":"2026-01-14T09:17:52","modified_gmt":"2026-01-14T12:17:52","slug":"el-municipio-fortalece-las-actividades-de-verano-con-centros-recreativos-en-zonas-alejadas","status":"publish","type":"post","link":"https:\/\/vinasfm.com\/noticias\/el-municipio-fortalece-las-actividades-de-verano-con-centros-recreativos-en-zonas-alejadas\/","title":{"rendered":"EL MUNICIPIO FORTALECE LAS ACTIVIDADES DE VERANO CON CENTROS RECREATIVOS EN ZONAS ALEJADAS"},"content":{"rendered":"<h4><span style=\"color: #003300;\">Durante la ma\u00f1ana de este lunes, autoridades municipales visitaron el centro recreativo que funciona en El Desv\u00edo, ubicado sobre calle LL, a 30 metros al este de la Ruta Nacional 143 Sur. <\/span><\/h4>\n<p>El espacio integra el esquema de actividades de verano diagramado por la <strong>Direcci\u00f3n de Deportes de la Municipalidad de General Alvear<\/strong>, con el objetivo de ampliar el acceso a propuestas recreativas en distintos puntos del departamento.<\/p>\n<p>El <em>asesor de Deportes<\/em>, <span style=\"color: #003366;\"><strong>Mauricio Olgu\u00edn<\/strong><\/span>, explic\u00f3 que esta iniciativa se suma a las colonias que funcionan en el Polideportivo Municipal y en Bowen. <em><strong>\u201cDesde el pasado 4 de enero estamos trabajando tambi\u00e9n con los centros recreativos de calle LL, Andes y Alvear Oeste, tratando de llegar a la mayor cantidad de lugares posible\u201d<\/strong><\/em>, se\u00f1al\u00f3.<\/p>\n<p>Olgu\u00edn remarc\u00f3 que todos los centros cuentan con natatorio y personal capacitado. <em><strong>\u201cEn todos los centros recreativos tenemos pileta, que es fundamental para que los chicos puedan tener contacto con el agua y aprender lo b\u00e1sico de nataci\u00f3n. Se complementa con profesores, guardavidas y enfermeros que est\u00e1n permanentemente al cuidado de los chicos\u201d<\/strong><\/em>, indic\u00f3.<\/p>\n<p>En relaci\u00f3n con la elecci\u00f3n del lugar, destac\u00f3 su importancia territorial. <em><strong>\u201cEs la segunda temporada que vamos a estar ac\u00e1. Es un lugar estrat\u00e9gico para llegar a zonas como Poste de Hierro y El Desv\u00edo, donde hay muchos chicos\u201d<\/strong><\/em>, afirm\u00f3.<\/p>\n<p>Asimismo, record\u00f3 que las inscripciones contin\u00faan abiertas.<em><strong> \u201cEl centro recreativo funciona hasta el 30 de enero, pero las inscripciones siguen abiertas para todos los chicos que se quieran acercar y participar\u201d<\/strong><\/em>, expres\u00f3.<\/p>\n<p>Finalmente, Olgu\u00edn subray\u00f3 el rol social de la propuesta: <em><strong>\u201cla idea es cumplir una funci\u00f3n social y de contenci\u00f3n. Se les brinda un refrigerio por la ma\u00f1ana y una atenci\u00f3n casi personalizada, con los profesores a disposici\u00f3n para lo que necesiten, siempre tratando de llegar a los lugares m\u00e1s alejados\u201d<\/strong><\/em>, concluy\u00f3.<\/p>\n","protected":false},"excerpt":{"rendered":"<p>Durante la ma\u00f1ana de este lunes, autoridades municipales visitaron el centro recreativo que funciona en El Desv\u00edo, ubicado sobre calle LL, &#8230;<\/p>\n","protected":false},"author":7,"featured_media":157010,"comment_status":"open","ping_status":"open","sticky":false,"template":"","format":"standard","meta":{"footnotes":""},"categories":[1],"tags":[],"class_list":["post-157011","post","type-post","status-publish","format-standard","has-post-thumbnail","hentry","category-fmvinas"],"_links":{"self":[{"href":"https:\/\/vinasfm.com\/noticias\/wp-json\/wp\/v2\/posts\/157011","targetHints":{"allow":["GET"]}}],"collection":[{"href":"https:\/\/vinasfm.com\/noticias\/wp-json\/wp\/v2\/posts"}],"about":[{"href":"https:\/\/vinasfm.com\/noticias\/wp-json\/wp\/v2\/types\/post"}],"author":[{"embeddable":true,"href":"https:\/\/vinasfm.com\/noticias\/wp-json\/wp\/v2\/users\/7"}],"replies":[{"embeddable":true,"href":"https:\/\/vinasfm.com\/noticias\/wp-json\/wp\/v2\/comments?post=157011"}],"version-history":[{"count":2,"href":"https:\/\/vinasfm.com\/noticias\/wp-json\/wp\/v2\/posts\/157011\/revisions"}],"predecessor-version":[{"id":157013,"href":"https:\/\/vinasfm.com\/noticias\/wp-json\/wp\/v2\/posts\/157011\/revisions\/157013"}],"wp:featuredmedia":[{"embeddable":true,"href":"https:\/\/vinasfm.com\/noticias\/wp-json\/wp\/v2\/media\/157010"}],"wp:attachment":[{"href":"https:\/\/vinasfm.com\/noticias\/wp-json\/wp\/v2\/media?parent=157011"}],"wp:term":[{"taxonomy":"category","embeddable":true,"href":"https:\/\/vinasfm.com\/noticias\/wp-json\/wp\/v2\/categories?post=157011"},{"taxonomy":"post_tag","embeddable":true,"href":"https:\/\/vinasfm.com\/noticias\/wp-json\/wp\/v2\/tags?post=157011"}],"curies":[{"name":"wp","href":"https:\/\/api.w.org\/{rel}","templated":true}]}}