{"id":157006,"date":"2026-01-14T09:03:43","date_gmt":"2026-01-14T12:03:43","guid":{"rendered":"https:\/\/vinasfm.com\/noticias\/?p=157006"},"modified":"2026-01-14T09:03:43","modified_gmt":"2026-01-14T12:03:43","slug":"alerta-naranja-por-tormentas-fuertes-en-mendoza-advierten-posible-caida-de-granizo","status":"publish","type":"post","link":"https:\/\/vinasfm.com\/noticias\/alerta-naranja-por-tormentas-fuertes-en-mendoza-advierten-posible-caida-de-granizo\/","title":{"rendered":"ALERTA NARANJA POR TORMENTAS FUERTES EN MENDOZA: ADVIERTEN POSIBLE CA\u00cdDA DE GRANIZO"},"content":{"rendered":"<h4><span style=\"color: #003300;\"><strong>El Servicio Meteorol\u00f3gico Nacional (SMN) emiti\u00f3 este mi\u00e9rcoles 14 de enero de 2026 una alerta naranja por tormentas de mayor intensidad que afectar\u00e1n a distintos sectores de la provincia de Mendoza, con alta probabilidad de ca\u00edda de granizo.<\/strong><\/span><\/h4>\n<p>Seg\u00fan el reporte oficial, las condiciones m\u00e1s severas se registrar\u00edan\u00a0principalmente en el <strong>oeste de San Rafael<\/strong>, extendi\u00e9ndose hacia la <strong>zona baja de San Rafael<\/strong>, <strong>General Alvear<\/strong>, la <strong>zona Este<\/strong>, el <strong>este de Las Heras<\/strong> y <strong>Lavalle<\/strong>.<\/p>\n<p><a href=\"https:\/\/vinasfm.com\/noticias\/wp-content\/uploads\/2026\/01\/IMG-20260114-WA0008.jpg\"><img loading=\"lazy\" decoding=\"async\" class=\"wp-image-157005 aligncenter\" src=\"https:\/\/vinasfm.com\/noticias\/wp-content\/uploads\/2026\/01\/IMG-20260114-WA0008.jpg\" alt=\"\" width=\"554\" height=\"563\" srcset=\"https:\/\/vinasfm.com\/noticias\/wp-content\/uploads\/2026\/01\/IMG-20260114-WA0008.jpg 713w, https:\/\/vinasfm.com\/noticias\/wp-content\/uploads\/2026\/01\/IMG-20260114-WA0008-295x300.jpg 295w\" sizes=\"auto, (max-width: 554px) 100vw, 554px\" \/><\/a><\/p>\n<p>El fen\u00f3meno podr\u00eda presentarse de manera <strong>sectorizada<\/strong> y <strong>prolongarse hasta la madrugada del jueves<\/strong>, con tormentas que pueden ser localmente fuertes, acompa\u00f1adas por <strong>intensa actividad el\u00e9ctrica, abundante ca\u00edda de agua en cortos per\u00edodos y granizo<\/strong>.<\/p>\n<p>Desde los organismos oficiales recomendaron a la poblaci\u00f3n <strong>mantenerse informada<\/strong>, <strong>evitar actividades al aire libre durante las tormentas<\/strong>, <strong>resguardar veh\u00edculos y animales<\/strong>, y <strong>seguir las instrucciones de Defensa Civil<\/strong> ante eventuales emergencias.<\/p>\n<p><a href=\"https:\/\/vinasfm.com\/noticias\/wp-content\/uploads\/2026\/01\/IMG-20260114-WA0009.jpg\"><img loading=\"lazy\" decoding=\"async\" class=\"alignnone size-full wp-image-157004\" src=\"https:\/\/vinasfm.com\/noticias\/wp-content\/uploads\/2026\/01\/IMG-20260114-WA0009.jpg\" alt=\"\" width=\"768\" height=\"545\" srcset=\"https:\/\/vinasfm.com\/noticias\/wp-content\/uploads\/2026\/01\/IMG-20260114-WA0009.jpg 768w, https:\/\/vinasfm.com\/noticias\/wp-content\/uploads\/2026\/01\/IMG-20260114-WA0009-300x213.jpg 300w\" sizes=\"auto, (max-width: 768px) 100vw, 768px\" \/><\/a><\/p>\n<p>La provincia se encuentra bajo el nivel <strong>\u201cPrep\u00e1rate\u201d<\/strong>, lo que implica un llamado a extremar precauciones frente a la evoluci\u00f3n de las condiciones meteorol\u00f3gicas.<\/p>\n","protected":false},"excerpt":{"rendered":"<p>El Servicio Meteorol\u00f3gico Nacional (SMN) emiti\u00f3 este mi\u00e9rcoles 14 de enero de 2026 una alerta naranja por tormentas de mayor intensidad &#8230;<\/p>\n","protected":false},"author":7,"featured_media":157008,"comment_status":"open","ping_status":"open","sticky":false,"template":"","format":"standard","meta":{"footnotes":""},"categories":[1],"tags":[],"class_list":["post-157006","post","type-post","status-publish","format-standard","has-post-thumbnail","hentry","category-fmvinas"],"_links":{"self":[{"href":"https:\/\/vinasfm.com\/noticias\/wp-json\/wp\/v2\/posts\/157006","targetHints":{"allow":["GET"]}}],"collection":[{"href":"https:\/\/vinasfm.com\/noticias\/wp-json\/wp\/v2\/posts"}],"about":[{"href":"https:\/\/vinasfm.com\/noticias\/wp-json\/wp\/v2\/types\/post"}],"author":[{"embeddable":true,"href":"https:\/\/vinasfm.com\/noticias\/wp-json\/wp\/v2\/users\/7"}],"replies":[{"embeddable":true,"href":"https:\/\/vinasfm.com\/noticias\/wp-json\/wp\/v2\/comments?post=157006"}],"version-history":[{"count":2,"href":"https:\/\/vinasfm.com\/noticias\/wp-json\/wp\/v2\/posts\/157006\/revisions"}],"predecessor-version":[{"id":157009,"href":"https:\/\/vinasfm.com\/noticias\/wp-json\/wp\/v2\/posts\/157006\/revisions\/157009"}],"wp:featuredmedia":[{"embeddable":true,"href":"https:\/\/vinasfm.com\/noticias\/wp-json\/wp\/v2\/media\/157008"}],"wp:attachment":[{"href":"https:\/\/vinasfm.com\/noticias\/wp-json\/wp\/v2\/media?parent=157006"}],"wp:term":[{"taxonomy":"category","embeddable":true,"href":"https:\/\/vinasfm.com\/noticias\/wp-json\/wp\/v2\/categories?post=157006"},{"taxonomy":"post_tag","embeddable":true,"href":"https:\/\/vinasfm.com\/noticias\/wp-json\/wp\/v2\/tags?post=157006"}],"curies":[{"name":"wp","href":"https:\/\/api.w.org\/{rel}","templated":true}]}}