{"id":157001,"date":"2026-01-14T09:30:00","date_gmt":"2026-01-14T12:30:00","guid":{"rendered":"https:\/\/vinasfm.com\/noticias\/?p=157001"},"modified":"2026-01-14T09:30:00","modified_gmt":"2026-01-14T12:30:00","slug":"robaron-una-motocicleta-estacionada-en-pleno-centro-de-general-alvear","status":"publish","type":"post","link":"https:\/\/vinasfm.com\/noticias\/robaron-una-motocicleta-estacionada-en-pleno-centro-de-general-alvear\/","title":{"rendered":"ROBARON UNA MOTOCICLETA ESTACIONADA EN PLENO CENTRO DE GENERAL ALVEAR"},"content":{"rendered":"<h4><span style=\"color: #003300;\"><strong>Un hecho de inseguridad se registr\u00f3 este martes por la noche, alrededor de las 21:00 horas\u00a0donde delincuentes sustrajeron una motocicleta que se encontraba estacionada en la v\u00eda p\u00fablica.<\/strong><\/span><\/h4>\n<p>El episodio ocurri\u00f3 en la intersecci\u00f3n de <strong>Av. Libertador Norte y 9 de Julio<\/strong>, cuando un joven identificado como <strong>W. G. M., de 19 a\u00f1os<\/strong>, dej\u00f3 su motocicleta <strong>Zanella ZR 150 ZT<\/strong> sobre la vereda para ingresar a un supermercado ubicado sobre <strong>Libertador Norte<\/strong>. Seg\u00fan se inform\u00f3, el rodado no contaba con medidas de seguridad al momento del hecho.<\/p>\n<p>Al salir del comercio, la v\u00edctima constat\u00f3 que la motocicleta hab\u00eda sido <strong>robada por autores desconocidos<\/strong>, por lo que dio aviso inmediato a la polic\u00eda.<\/p>\n<p>Intervino personal de la <strong>Comisar\u00eda 14<\/strong> y se dio participaci\u00f3n a la <strong>Ayudante Fiscal, Dra. P\u00e9rez<\/strong>, quien dispuso la realizaci\u00f3n de la denuncia correspondiente y el inicio de las actuaciones de rigor para esclarecer el hecho.<\/p>\n","protected":false},"excerpt":{"rendered":"<p>Un hecho de inseguridad se registr\u00f3 este martes por la noche, alrededor de las 21:00 horas\u00a0donde delincuentes sustrajeron una motocicleta que &#8230;<\/p>\n","protected":false},"author":7,"featured_media":145639,"comment_status":"open","ping_status":"open","sticky":false,"template":"","format":"standard","meta":{"footnotes":""},"categories":[1],"tags":[],"class_list":["post-157001","post","type-post","status-publish","format-standard","has-post-thumbnail","hentry","category-fmvinas"],"_links":{"self":[{"href":"https:\/\/vinasfm.com\/noticias\/wp-json\/wp\/v2\/posts\/157001","targetHints":{"allow":["GET"]}}],"collection":[{"href":"https:\/\/vinasfm.com\/noticias\/wp-json\/wp\/v2\/posts"}],"about":[{"href":"https:\/\/vinasfm.com\/noticias\/wp-json\/wp\/v2\/types\/post"}],"author":[{"embeddable":true,"href":"https:\/\/vinasfm.com\/noticias\/wp-json\/wp\/v2\/users\/7"}],"replies":[{"embeddable":true,"href":"https:\/\/vinasfm.com\/noticias\/wp-json\/wp\/v2\/comments?post=157001"}],"version-history":[{"count":2,"href":"https:\/\/vinasfm.com\/noticias\/wp-json\/wp\/v2\/posts\/157001\/revisions"}],"predecessor-version":[{"id":157017,"href":"https:\/\/vinasfm.com\/noticias\/wp-json\/wp\/v2\/posts\/157001\/revisions\/157017"}],"wp:featuredmedia":[{"embeddable":true,"href":"https:\/\/vinasfm.com\/noticias\/wp-json\/wp\/v2\/media\/145639"}],"wp:attachment":[{"href":"https:\/\/vinasfm.com\/noticias\/wp-json\/wp\/v2\/media?parent=157001"}],"wp:term":[{"taxonomy":"category","embeddable":true,"href":"https:\/\/vinasfm.com\/noticias\/wp-json\/wp\/v2\/categories?post=157001"},{"taxonomy":"post_tag","embeddable":true,"href":"https:\/\/vinasfm.com\/noticias\/wp-json\/wp\/v2\/tags?post=157001"}],"curies":[{"name":"wp","href":"https:\/\/api.w.org\/{rel}","templated":true}]}}