{"id":156974,"date":"2026-01-13T10:39:26","date_gmt":"2026-01-13T13:39:26","guid":{"rendered":"https:\/\/vinasfm.com\/noticias\/?p=156974"},"modified":"2026-01-15T09:30:30","modified_gmt":"2026-01-15T12:30:30","slug":"dia-mundial-contra-la-depresion-senales-de-alerta-de-una-enfermedad-que-no-es-solo-tristeza","status":"publish","type":"post","link":"https:\/\/vinasfm.com\/noticias\/dia-mundial-contra-la-depresion-senales-de-alerta-de-una-enfermedad-que-no-es-solo-tristeza\/","title":{"rendered":"D\u00cdA MUNDIAL CONTRA LA DEPRESI\u00d3N: SE\u00d1ALES DE ALERTA DE UNA ENFERMEDAD QUE NO ES SOLO TRISTEZA"},"content":{"rendered":"<h4><span style=\"color: #003300;\"><strong>Es un problema de salud mental complejo y multicausal que no se reduce solo al des\u00e1nimo o la p\u00e9rdida de inter\u00e9s. Reconocer s\u00edntomas menos evidentes permite un abordaje m\u00e1s efectivo e integral.<\/strong><\/span><\/h4>\n<p>No toda\u00a0<b>depresi\u00f3n<\/b>\u00a0es\u00a0<b>tristeza<\/b>. En muchos casos es una combinaci\u00f3n m\u00e1s silenciosa:\u00a0<b>el cuerpo se desregula<\/b>\u00a0afectando el\u00a0<b>sue\u00f1o<\/b>, la\u00a0<b>energ\u00eda general<\/b>\u00a0y la\u00a0<b>mente<\/b>\u00a0pierde su capacidad de tracci\u00f3n, un ejemplo evidente es la\u00a0<b>p\u00e9rdida de motivaci\u00f3n<\/b>.<\/p>\n<p>Si la miramos as\u00ed, deja de ser una\u00a0<b>\u201cetiqueta\u201d<\/b>\u00a0y se convierte en un\u00a0<b>tablero que muestra m\u00faltiples aspectos<\/b>\u00a0a abordar.<\/p>\n<p>En muchos pa\u00edses del mundo el\u00a0<b>13 de enero<\/b>\u00a0es el d\u00eda se\u00f1alado para conmemorar la\u00a0<b>\u201clucha contra la depresi\u00f3n\u201d<\/b>, organizado por la\u00a0<b>Organizaci\u00f3n Mundial de la Salud (OMS)<\/b>\u00a0y la\u00a0<b>Federaci\u00f3n Mundial de Salud Mental<\/b>, y llevado a cabo por diversas asociaciones, entre ellas el\u00a0<a title=\"https:\/\/opade-project.eu\/\" href=\"https:\/\/opade-project.eu\/\" target=\"_blank\" rel=\"noopener\" data-mrf-link=\"https:\/\/opade-project.eu\/\"><b>proyecto Opade<\/b>\u00a0<\/a>de la Uni\u00f3n Europea.<\/p>\n<h3 class=\"header headline-class-h3 headline\">El rol de los antidepresivos<\/h3>\n<p class=\"paragraph\" data-mrf-recirculation=\"Links inline\">En la p\u00e1gina inicial de esa \u00faltima asociaci\u00f3n, aparece un\u00a0<b>dato que llama la atenci\u00f3n<\/b>\u00a0a quien no est\u00e1 al tanto de la literatura y de la cl\u00ednica actual y que obliga a reflexionar profundamente. Bajo el t\u00edtulo de\u00a0<b>\u201cEl problema\u201d<\/b>, se plantea: \u201cEntre los pacientes con prescripci\u00f3n de\u00a0<b>antidepresivos<\/b>, solo el 40% muestra una\u00a0<b>respuesta eficaz<\/b>;\u00a0<b>\u00bfqu\u00e9 pasa con el 60% restante?<\/b>\u201d La afirmaci\u00f3n no es casual sino sustentada por m\u00faltiples referencias en diversos trabajos cient\u00edficos, como<i>\u00a0\u201cPrediction of remission among patients with a major depressive disorder\u201d<\/i>\u00a0y\u00a0<i>\u201cEfficacy and Safety of Ammoxetine in Major Depressive Disorder\u201d<\/i><i>.<\/i><\/p>\n<p data-mrf-recirculation=\"Links inline\">Esa\u00a0<b>eficacia relativa<\/b>\u00a0no implica discutir la\u00a0<b>importancia de la medicaci\u00f3n<\/b>\u00a0ni negar que en casos muy espec\u00edficos y desde ya los de riesgo, es necesaria.<\/p>\n<p data-mrf-recirculation=\"Links inline\">El punto es otro: ese planteo se\u00f1ala algo claro y es que la palabra\u00a0<b>depresi\u00f3n<\/b>\u00a0se usa como si nombrara una cosa \u00fanica, pero en la\u00a0<b>pr\u00e1ctica cl\u00ednica<\/b>\u00a0nos encontramos con una presentaci\u00f3n semiol\u00f3gica muy diversa.<\/p>\n<p data-mrf-recirculation=\"Links inline\"><img decoding=\"async\" src=\"https:\/\/www.infobae.com\/resizer\/v2\/GUYF4M5ZK5BCHA5SWP5LVIAEZ4.jpg?auth=4aa7151b43dc3ccd35d6c8835413099fa381c14e7cd9fea098cf764b2447aaee&amp;smart=true&amp;width=350&amp;height=233&amp;quality=85\" alt=\"La anhedonia se manifiesta como\" \/><\/p>\n<h2 data-mrf-recirculation=\"Links inline\">La depresi\u00f3n no es s\u00f3lo tristeza<\/h2>\n<p class=\"paragraph\" data-mrf-recirculation=\"Links inline\">Dicho de otra manera: es evidente que\u00a0<b>no toda depresi\u00f3n es llanto o desesperaci\u00f3n<\/b>, y es esto lo que a veces desconcierta: no siempre hay\u00a0<b>tristeza dram\u00e1tica<\/b>. Muchas veces aparece como\u00a0<b>fatiga<\/b>,\u00a0<b>sue\u00f1o alterado<\/b>,\u00a0<b>dificultades cognitivas<\/b>\u00a0y\/o\u00a0<b>p\u00e9rdida de sentido y motivaci\u00f3n<\/b>.<\/p>\n<p class=\"paragraph\" data-mrf-recirculation=\"Links inline\">Si la miramos en su diversidad propia a cada individuo, deja de ser una\u00a0<b>etiqueta que nos conforma<\/b>, y en realidad nos encierra, y empezamos a entenderla como un\u00a0<b>estado del sistema del ser<\/b>: el\u00a0<b>cuerpo se desregula<\/b>\u00a0y la\u00a0<b>mente pierde tracci\u00f3n<\/b>, es decir capacidad de acci\u00f3n como si el motor estuviera encendido y, sin embargo, nada avanzara.<\/p>\n<p class=\"paragraph\" data-mrf-recirculation=\"Links inline\">Una forma \u00fatil de pensarlo es ver a estos cuadros que englobamos dentro de la denominaci\u00f3n\u00a0<b>depresi\u00f3n<\/b>\u00a0como un\u00a0<b>estado en el que falla la regulaci\u00f3n del sistema<\/b>, no como esencia del ser, y que afecta as\u00ed el\u00a0<b>sue\u00f1o<\/b>, la\u00a0<b>energ\u00eda<\/b>, la\u00a0<b>respuesta al estr\u00e9s<\/b>\u00a0y, al mismo tiempo, se pierde la capacidad de valorar nuestra vida y el medio, es decir\u00a0<b>qu\u00e9 vale la pena, qu\u00e9 nos moviliza, qu\u00e9 permite trazar planes o ilusiona<\/b>.<\/p>\n<p class=\"paragraph\" data-mrf-recirculation=\"Links inline\">Llamar a todo eso\u00a0<b>\u201cdepresi\u00f3n\u201d<\/b>, es tratar lo que implica la palabra como si fuera el problema principal.\u00a0<b>La pregunta no es si \u201c\u00bftengo depresi\u00f3n?\u201d<\/b>, sino esta:\u00a0<b>\u00bfqu\u00e9 se desregul\u00f3\/alter\u00f3 en m\u00ed para que el sistema haya entrado en modo supervivencia?<\/b><\/p>\n<p class=\"paragraph\" data-mrf-recirculation=\"Links inline\">La\u00a0<a title=\"https:\/\/pmc.ncbi.nlm.nih.gov\/articles\/PMC4397113\/\" href=\"https:\/\/pmc.ncbi.nlm.nih.gov\/articles\/PMC4397113\/\" target=\"_blank\" rel=\"noopener\" data-mrf-link=\"https:\/\/pmc.ncbi.nlm.nih.gov\/articles\/PMC4397113\/\">literatura cient\u00edfica actual\u00a0<\/a>cuestiona la consistencia e incluso la validez de un constructo cl\u00ednico \u00fanico.<\/p>\n<p class=\"paragraph\" data-mrf-recirculation=\"Links inline\">Para entenderla sin banalizarla, conviene mirar dos l\u00edneas conceptuales. La primera es la\u00a0<b>regulaci\u00f3n del cuerpo<\/b>: el organismo intenta mantener\u00a0<b>equilibrio bajo presi\u00f3n alost\u00e1tica<\/b>\u00a0y, cuando esa carga se vuelve cr\u00f3nica por\u00a0<b>estr\u00e9s sostenido<\/b>,\u00a0<b>sue\u00f1o fragmentado<\/b>,\u00a0<b>enfermedades psicosom\u00e1ticas<\/b>,\u00a0<b>inflamaci\u00f3n<\/b>,\u00a0<b>sedentarismo<\/b>,\u00a0<b>uso de t\u00f3xicos<\/b>\u00a0(alcohol, f\u00e1rmacos, drogas),\u00a0<b>aislamiento<\/b>, el costo de regularse sube y aparecen\u00a0<b>fatiga<\/b>,\u00a0<b>sue\u00f1o no reparador<\/b>,\u00a0<b>dolores difusos<\/b>,\u00a0<b>cambios de apetito<\/b>,\u00a0<b>enlentecimiento<\/b>\u00a0o\u00a0<b>agitaci\u00f3n<\/b>.<\/p>\n<p class=\"paragraph\" data-mrf-recirculation=\"Links inline\">La segunda variable es la\u00a0<b>valoraci\u00f3n<\/b>, la capacidad de\u00a0<b>encontrarle sentido<\/b>\u00a0y el sistema calcula (a la baja) \u201c\u00bfesto vale la pena?\u201d; as\u00ed cae el\u00a0<b>inter\u00e9s<\/b>\u00a0y el\u00a0<b>placer<\/b>, finalmente por todo. En esa\u00a0<b>p\u00e9rdida de sentido valorativo<\/b>\u00a0se instala la\u00a0<b>duda bajo forma de rumiaci\u00f3n<\/b>: la\u00a0<b>mente busca explicaci\u00f3n<\/b>, pero se queda atrapada en un constante loop.<\/p>\n<p class=\"paragraph\" data-mrf-recirculation=\"Links inline\">Este modelo es coherente con varios\u00a0<b>enfoques dimensionales<\/b>\u00a0en investigaci\u00f3n actualmente (<i>RDoC-Research Domain Criteria<\/i>), que miran\u00a0<a title=\"https:\/\/pubmed.ncbi.nlm.nih.gov\/20595427\/\" href=\"https:\/\/pubmed.ncbi.nlm.nih.gov\/20595427\/\" target=\"_blank\" rel=\"noopener\" data-mrf-link=\"https:\/\/pubmed.ncbi.nlm.nih.gov\/20595427\/\"><b>dominios funcionales<\/b><\/a>\u00a0(cognici\u00f3n, regulaci\u00f3n de la alerta, aspectos sociales) m\u00e1s que cajas r\u00edgidas. Por otro lado, permite detectar mejor\u00a0<b>\u00e1reas de trabajo<\/b>, que no son enemigos contra los que hay que luchar, sino\u00a0<b>pueden ser s\u00edntomas se\u00f1al de extrema utilidad terap\u00e9utica<\/b>.<\/p>\n<p class=\"paragraph\" data-mrf-recirculation=\"Links inline\">En cl\u00ednica vemos varias de esas manifestaciones, pero que podr\u00edan ser circunscriptas en las siguientes: el\u00a0<b>sue\u00f1o<\/b>\u00a0(insomnio, despertares, sue\u00f1o no reparador), la\u00a0<b>energ\u00eda<\/b>\u00a0(fatiga, lentitud), el\u00a0<b>placer y el inter\u00e9s<\/b>\u00a0(anhedonia: nada \u201ctira\u201d), el\u00a0<b>pensamiento<\/b>\u00a0(rumiaci\u00f3n, culpa, autocr\u00edtica autom\u00e1tica), el\u00a0<b>cuerpo<\/b>\u00a0(dolor, apetito, tensi\u00f3n, libido, digesti\u00f3n) y el\u00a0<b>v\u00ednculo\/sentido con el medio<\/b>\u00a0(desconexi\u00f3n, verg\u00fcenza, p\u00e9rdida de direcci\u00f3n).<\/p>\n<p class=\"paragraph\" data-mrf-recirculation=\"Links inline\">Por eso, hay\u00a0<b>diferentes depresiones<\/b>\u00a0que desde afuera parecen iguales y, sin embargo, no lo son. Una por ejemplo es la del\u00a0<b>\u201cestoy agotado\u201d<\/b>: la persona duerme mal hace meses, se despierta cansada, tiene modificaciones del apetito o falta de energ\u00eda, el cuerpo pesa; ah\u00ed puede dominar\u00a0<b>cuerpo\/sue\u00f1o\/energ\u00eda<\/b>\u00a0y, en un creciente subgrupo, vemos un\u00a0<b>componente inmuno-metab\u00f3lico<\/b>\u00a0como es la\u00a0<b>inflamaci\u00f3n<\/b>\u00a0y la\u00a0<b>disfunci\u00f3n metab\u00f3lica<\/b>.<\/p>\n<p class=\"paragraph\" data-mrf-recirculation=\"Links inline\">Otra puede ser la de quienes expresan\u00a0<b>\u201cno siento nada\u201d<\/b>, es decir la persona funciona, pero sin deseo, sin disfrute, ni expectativa; lo que no funciona o est\u00e1 desregulado es el\u00a0<b>sistema de recompensa<\/b>\u00a0y por ende\u00a0<b>placer<\/b>.<\/p>\n<p class=\"paragraph\" data-mrf-recirculation=\"Links inline\">Otra puede ser aquel que\u00a0<b>\u201cno puedo parar la cabeza\u201d<\/b>, en donde la\u00a0<b>rumia<\/b>\u00a0adquiere por momentos caracter\u00edsticas alienantes y los s\u00edntomas se realimentan entre s\u00ed, por ejemplo,\u00a0<b>mal sue\u00f1o, la fatiga, irritabilidad, culpa, m\u00e1s insomnio<\/b>.<\/p>\n<p class=\"paragraph\" data-mrf-recirculation=\"Links inline\">En este punto es donde esa sintomatolog\u00eda nos indica que nuestra\u00a0<b>modalidad existencial<\/b>\u00a0y su\u00a0<b>carga alost\u00e1tica<\/b>, es decir, el costo fisiol\u00f3gico de sostener las demandas del medio, no son sostenibles por nuestro psiquismo y especialmente nuestra fisiolog\u00eda. De alguna manera, desde esta concepci\u00f3n, la\u00a0<b>desconexi\u00f3n\/depresi\u00f3n<\/b>\u00a0es un\u00a0<b>modo de protecci\u00f3n<\/b>, pero que se volvi\u00f3 cr\u00f3nico.<\/p>\n<p class=\"paragraph\" data-mrf-recirculation=\"Links inline\">La\u00a0<b>etiqueta englobadora \u201cdepresi\u00f3n\u201d<\/b>\u00a0casi inevitablemente lleva a una\u00a0<b>soluci\u00f3n \u00fanica<\/b>\u00a0y tambi\u00e9n general, un anti de eso que nombro. Cuando por el contrario se toma una\u00a0<b>perspectiva m\u00e1s ligada a \u00e1reas<\/b>, ya no se empieza por un todo, sino por\u00a0<b>aspectos y dificultades espec\u00edficas<\/b>.<\/p>\n<p class=\"paragraph\" data-mrf-recirculation=\"Links inline\">As\u00ed, por ejemplo, si el aspecto dominante es el de la\u00a0<b>alteraci\u00f3n del sue\u00f1o y la energ\u00eda<\/b>, en la\u00a0<b>evaluaci\u00f3n m\u00e9dico cl\u00ednica<\/b>\u00a0se impone evaluar los\u00a0<b>h\u00e1bitos, patrones de sue\u00f1o<\/b>, etc. Si el aspecto o la demanda preponderante es la\u00a0<b>rumiaci\u00f3n<\/b>, el\u00a0<b>trabajo sobre estrategias cognitivas espec\u00edficas<\/b>\u00a0puede ser el m\u00e1s apropiado; en el caso que fuera la\u00a0<b>apat\u00eda\/anhedonia<\/b>, las\u00a0<b>acciones peque\u00f1as, repetidas<\/b>, para reactivar el circuito de recompensa puede ser una v\u00eda.<\/p>\n","protected":false},"excerpt":{"rendered":"<p>Es un problema de salud mental complejo y multicausal que no se reduce solo al des\u00e1nimo o la p\u00e9rdida de inter\u00e9s. &#8230;<\/p>\n","protected":false},"author":7,"featured_media":156976,"comment_status":"open","ping_status":"open","sticky":false,"template":"","format":"standard","meta":{"footnotes":""},"categories":[15,11],"tags":[],"class_list":["post-156974","post","type-post","status-publish","format-standard","has-post-thumbnail","hentry","category-salud","category-sociales"],"_links":{"self":[{"href":"https:\/\/vinasfm.com\/noticias\/wp-json\/wp\/v2\/posts\/156974","targetHints":{"allow":["GET"]}}],"collection":[{"href":"https:\/\/vinasfm.com\/noticias\/wp-json\/wp\/v2\/posts"}],"about":[{"href":"https:\/\/vinasfm.com\/noticias\/wp-json\/wp\/v2\/types\/post"}],"author":[{"embeddable":true,"href":"https:\/\/vinasfm.com\/noticias\/wp-json\/wp\/v2\/users\/7"}],"replies":[{"embeddable":true,"href":"https:\/\/vinasfm.com\/noticias\/wp-json\/wp\/v2\/comments?post=156974"}],"version-history":[{"count":2,"href":"https:\/\/vinasfm.com\/noticias\/wp-json\/wp\/v2\/posts\/156974\/revisions"}],"predecessor-version":[{"id":156977,"href":"https:\/\/vinasfm.com\/noticias\/wp-json\/wp\/v2\/posts\/156974\/revisions\/156977"}],"wp:featuredmedia":[{"embeddable":true,"href":"https:\/\/vinasfm.com\/noticias\/wp-json\/wp\/v2\/media\/156976"}],"wp:attachment":[{"href":"https:\/\/vinasfm.com\/noticias\/wp-json\/wp\/v2\/media?parent=156974"}],"wp:term":[{"taxonomy":"category","embeddable":true,"href":"https:\/\/vinasfm.com\/noticias\/wp-json\/wp\/v2\/categories?post=156974"},{"taxonomy":"post_tag","embeddable":true,"href":"https:\/\/vinasfm.com\/noticias\/wp-json\/wp\/v2\/tags?post=156974"}],"curies":[{"name":"wp","href":"https:\/\/api.w.org\/{rel}","templated":true}]}}