{"id":156930,"date":"2026-01-10T10:01:58","date_gmt":"2026-01-10T13:01:58","guid":{"rendered":"https:\/\/vinasfm.com\/noticias\/?p=156930"},"modified":"2026-01-13T08:52:18","modified_gmt":"2026-01-13T11:52:18","slug":"tragico-vuelco-en-ruta-143-un-joven-perdio-la-vida","status":"publish","type":"post","link":"https:\/\/vinasfm.com\/noticias\/tragico-vuelco-en-ruta-143-un-joven-perdio-la-vida\/","title":{"rendered":"TR\u00c1GICO VUELCO EN RUTA 143: UN J\u00d3VEN PERDI\u00d3 LA VIDA"},"content":{"rendered":"<h4><strong>Hace unas horas se produjo un fatal accidente vial en el kil\u00f3metro 314 de la Ruta Nacional 143, en el tramo comprendido entre Cochi C\u00f3 y el l\u00edmite con la provincia de La Pampa.<\/strong><\/h4>\n<p>Por el lugar circulaba de sur a norte un joven de aproximadamente 30 a\u00f1os a bordo de una Volkswagen Suran. Por causas que a\u00fan se investigan, el veh\u00edculo se habr\u00eda salido hacia la banquina, lo que provoc\u00f3 que diera varios tumbos.<\/p>\n<p>Como consecuencia del fuerte impacto, el conductor sali\u00f3 despedido por el parabrisas y fue hallado sin vida a unos 20 metros del rodado. La v\u00edctima fue identificada como Farias, con domicilio en Uni\u00f3n, provincia de San Luis.<\/p>\n<p>En el lugar trabajaron efectivos policiales y personal de emergencias, quienes realizaron las pericias correspondientes para determinar las causas del siniestro.<\/p>\n<p>&nbsp;<\/p>\n","protected":false},"excerpt":{"rendered":"<p>Hace unas horas se produjo un fatal accidente vial en el kil\u00f3metro 314 de la Ruta Nacional 143, en el tramo &#8230;<\/p>\n","protected":false},"author":7,"featured_media":4594,"comment_status":"open","ping_status":"open","sticky":false,"template":"","format":"standard","meta":{"footnotes":""},"categories":[4,184],"tags":[],"class_list":["post-156930","post","type-post","status-publish","format-standard","has-post-thumbnail","hentry","category-policiales","category-siniestro-vial"],"_links":{"self":[{"href":"https:\/\/vinasfm.com\/noticias\/wp-json\/wp\/v2\/posts\/156930","targetHints":{"allow":["GET"]}}],"collection":[{"href":"https:\/\/vinasfm.com\/noticias\/wp-json\/wp\/v2\/posts"}],"about":[{"href":"https:\/\/vinasfm.com\/noticias\/wp-json\/wp\/v2\/types\/post"}],"author":[{"embeddable":true,"href":"https:\/\/vinasfm.com\/noticias\/wp-json\/wp\/v2\/users\/7"}],"replies":[{"embeddable":true,"href":"https:\/\/vinasfm.com\/noticias\/wp-json\/wp\/v2\/comments?post=156930"}],"version-history":[{"count":1,"href":"https:\/\/vinasfm.com\/noticias\/wp-json\/wp\/v2\/posts\/156930\/revisions"}],"predecessor-version":[{"id":156931,"href":"https:\/\/vinasfm.com\/noticias\/wp-json\/wp\/v2\/posts\/156930\/revisions\/156931"}],"wp:featuredmedia":[{"embeddable":true,"href":"https:\/\/vinasfm.com\/noticias\/wp-json\/wp\/v2\/media\/4594"}],"wp:attachment":[{"href":"https:\/\/vinasfm.com\/noticias\/wp-json\/wp\/v2\/media?parent=156930"}],"wp:term":[{"taxonomy":"category","embeddable":true,"href":"https:\/\/vinasfm.com\/noticias\/wp-json\/wp\/v2\/categories?post=156930"},{"taxonomy":"post_tag","embeddable":true,"href":"https:\/\/vinasfm.com\/noticias\/wp-json\/wp\/v2\/tags?post=156930"}],"curies":[{"name":"wp","href":"https:\/\/api.w.org\/{rel}","templated":true}]}}