{"id":156917,"date":"2026-01-09T11:37:44","date_gmt":"2026-01-09T14:37:44","guid":{"rendered":"https:\/\/vinasfm.com\/noticias\/?p=156917"},"modified":"2026-01-09T11:37:44","modified_gmt":"2026-01-09T14:37:44","slug":"promocion-turistica-de-general-alvear-en-ruta-188","status":"publish","type":"post","link":"https:\/\/vinasfm.com\/noticias\/promocion-turistica-de-general-alvear-en-ruta-188\/","title":{"rendered":"PROMOCI\u00d3N TUR\u00cdSTICA DE GENERAL ALVEAR EN RUTA 188"},"content":{"rendered":"<h4><strong>Esta ma\u00f1ana, en Ruta Nacional 188 y Calle 10, a la altura de Bodega Fara\u00f3n, la Direcci\u00f3n de Turismo de la Municipalidad de General Alvear realiz\u00f3 una acci\u00f3n de promoci\u00f3n tur\u00edstica del departamento junto a la C\u00e1mara de Turismo, la Espec\u00edfica de Turismo de la C\u00e1mara de Comercio y el Ente Mendoza Turismo (EMETUR).<\/strong><\/h4>\n<p>Durante la jornada se brind\u00f3 informaci\u00f3n a los viajeros, se entreg\u00f3 folleter\u00eda y material promocional, y se difundieron los principales atractivos y servicios tur\u00edsticos mediante el c\u00f3digo QR oficial de General Alvear.<\/p>\n<p><a href=\"https:\/\/vinasfm.com\/noticias\/wp-content\/uploads\/2026\/01\/IMG-20260109-WA0035.jpg\"><img loading=\"lazy\" decoding=\"async\" class=\"alignnone size-large wp-image-156923\" src=\"https:\/\/vinasfm.com\/noticias\/wp-content\/uploads\/2026\/01\/IMG-20260109-WA0035-1024x576.jpg\" alt=\"\" width=\"1024\" height=\"576\" srcset=\"https:\/\/vinasfm.com\/noticias\/wp-content\/uploads\/2026\/01\/IMG-20260109-WA0035-1024x576.jpg 1024w, https:\/\/vinasfm.com\/noticias\/wp-content\/uploads\/2026\/01\/IMG-20260109-WA0035-300x169.jpg 300w, https:\/\/vinasfm.com\/noticias\/wp-content\/uploads\/2026\/01\/IMG-20260109-WA0035-768x432.jpg 768w, https:\/\/vinasfm.com\/noticias\/wp-content\/uploads\/2026\/01\/IMG-20260109-WA0035-1536x864.jpg 1536w, https:\/\/vinasfm.com\/noticias\/wp-content\/uploads\/2026\/01\/IMG-20260109-WA0035-1140x641.jpg 1140w, https:\/\/vinasfm.com\/noticias\/wp-content\/uploads\/2026\/01\/IMG-20260109-WA0035.jpg 1600w\" sizes=\"auto, (max-width: 1024px) 100vw, 1024px\" \/><\/a><\/p>\n<p>El director de Turismo, Gustavo Garc\u00eda, explic\u00f3 que estas acciones forman parte de una estrategia sostenida. \u201cHemos tomado la iniciativa de salir a la ruta con todo el personal para dar informaci\u00f3n del lugar y tratar de captar a futuro posibles visitantes\u201d, se\u00f1al\u00f3. Adem\u00e1s, indic\u00f3 que en la Ruta 188 se registra principalmente el paso de turistas provenientes de Buenos Aires y Capital Federal, adem\u00e1s de localidades del interior bonaerense.<\/p>\n<p><a href=\"https:\/\/vinasfm.com\/noticias\/wp-content\/uploads\/2026\/01\/IMG-20260109-WA0031.jpg\"><img loading=\"lazy\" decoding=\"async\" class=\"alignnone size-large wp-image-156921\" src=\"https:\/\/vinasfm.com\/noticias\/wp-content\/uploads\/2026\/01\/IMG-20260109-WA0031-1024x576.jpg\" alt=\"\" width=\"1024\" height=\"576\" srcset=\"https:\/\/vinasfm.com\/noticias\/wp-content\/uploads\/2026\/01\/IMG-20260109-WA0031-1024x576.jpg 1024w, https:\/\/vinasfm.com\/noticias\/wp-content\/uploads\/2026\/01\/IMG-20260109-WA0031-300x169.jpg 300w, https:\/\/vinasfm.com\/noticias\/wp-content\/uploads\/2026\/01\/IMG-20260109-WA0031-768x432.jpg 768w, https:\/\/vinasfm.com\/noticias\/wp-content\/uploads\/2026\/01\/IMG-20260109-WA0031-1536x864.jpg 1536w, https:\/\/vinasfm.com\/noticias\/wp-content\/uploads\/2026\/01\/IMG-20260109-WA0031-1140x641.jpg 1140w, https:\/\/vinasfm.com\/noticias\/wp-content\/uploads\/2026\/01\/IMG-20260109-WA0031.jpg 1600w\" sizes=\"auto, (max-width: 1024px) 100vw, 1024px\" \/><\/a><\/p>\n<p>Garc\u00eda destac\u00f3 la importancia del material digital entregado. \u201cSe entrega folleter\u00eda y un presente, pero lo m\u00e1s importante es el c\u00f3digo QR de General Alvear, donde est\u00e1n todos los servicios y prestadores tur\u00edsticos del departamento\u201d, afirm\u00f3.<\/p>\n<p>La Virreina Nacional de la Vendimia, Sof\u00eda Perfumo, particip\u00f3 de la actividad y resalt\u00f3 el contacto directo con los visitantes. \u201cParando a los turistas para comentarles sobre General Alvear, agradecerles por elegir este destino y contarles todo lo que nuestro departamento tiene para ofrecer\u201d, expres\u00f3. Tambi\u00e9n se\u00f1al\u00f3 que se brind\u00f3 informaci\u00f3n sobre gastronom\u00eda, turismo rural y opciones de alojamiento.<\/p>\n<p><a href=\"https:\/\/vinasfm.com\/noticias\/wp-content\/uploads\/2026\/01\/IMG-20260109-WA0032.jpg\"><img loading=\"lazy\" decoding=\"async\" class=\"alignnone size-large wp-image-156920\" src=\"https:\/\/vinasfm.com\/noticias\/wp-content\/uploads\/2026\/01\/IMG-20260109-WA0032-1024x576.jpg\" alt=\"\" width=\"1024\" height=\"576\" srcset=\"https:\/\/vinasfm.com\/noticias\/wp-content\/uploads\/2026\/01\/IMG-20260109-WA0032-1024x576.jpg 1024w, https:\/\/vinasfm.com\/noticias\/wp-content\/uploads\/2026\/01\/IMG-20260109-WA0032-300x169.jpg 300w, https:\/\/vinasfm.com\/noticias\/wp-content\/uploads\/2026\/01\/IMG-20260109-WA0032-768x432.jpg 768w, https:\/\/vinasfm.com\/noticias\/wp-content\/uploads\/2026\/01\/IMG-20260109-WA0032-1536x864.jpg 1536w, https:\/\/vinasfm.com\/noticias\/wp-content\/uploads\/2026\/01\/IMG-20260109-WA0032-1140x641.jpg 1140w, https:\/\/vinasfm.com\/noticias\/wp-content\/uploads\/2026\/01\/IMG-20260109-WA0032.jpg 1600w\" sizes=\"auto, (max-width: 1024px) 100vw, 1024px\" \/><\/a><\/p>\n<p>Desde la C\u00e1mara de Turismo, Walter Mart\u00ednez, valor\u00f3 el trabajo conjunto entre instituciones. \u201cEstamos tratando de aportar a lo que es el turismo y creemos que la promoci\u00f3n es fundamental\u201d, sostuvo, y agreg\u00f3 que durante la ma\u00f1ana se registr\u00f3 el paso de turistas de Capital Federal, Gran Buenos Aires, Santa Fe y C\u00f3rdoba.<\/p>\n","protected":false},"excerpt":{"rendered":"<p>Esta ma\u00f1ana, en Ruta Nacional 188 y Calle 10, a la altura de Bodega Fara\u00f3n, la Direcci\u00f3n de Turismo de la &#8230;<\/p>\n","protected":false},"author":7,"featured_media":156919,"comment_status":"open","ping_status":"open","sticky":false,"template":"","format":"standard","meta":{"footnotes":""},"categories":[1],"tags":[],"class_list":["post-156917","post","type-post","status-publish","format-standard","has-post-thumbnail","hentry","category-fmvinas"],"_links":{"self":[{"href":"https:\/\/vinasfm.com\/noticias\/wp-json\/wp\/v2\/posts\/156917","targetHints":{"allow":["GET"]}}],"collection":[{"href":"https:\/\/vinasfm.com\/noticias\/wp-json\/wp\/v2\/posts"}],"about":[{"href":"https:\/\/vinasfm.com\/noticias\/wp-json\/wp\/v2\/types\/post"}],"author":[{"embeddable":true,"href":"https:\/\/vinasfm.com\/noticias\/wp-json\/wp\/v2\/users\/7"}],"replies":[{"embeddable":true,"href":"https:\/\/vinasfm.com\/noticias\/wp-json\/wp\/v2\/comments?post=156917"}],"version-history":[{"count":1,"href":"https:\/\/vinasfm.com\/noticias\/wp-json\/wp\/v2\/posts\/156917\/revisions"}],"predecessor-version":[{"id":156924,"href":"https:\/\/vinasfm.com\/noticias\/wp-json\/wp\/v2\/posts\/156917\/revisions\/156924"}],"wp:featuredmedia":[{"embeddable":true,"href":"https:\/\/vinasfm.com\/noticias\/wp-json\/wp\/v2\/media\/156919"}],"wp:attachment":[{"href":"https:\/\/vinasfm.com\/noticias\/wp-json\/wp\/v2\/media?parent=156917"}],"wp:term":[{"taxonomy":"category","embeddable":true,"href":"https:\/\/vinasfm.com\/noticias\/wp-json\/wp\/v2\/categories?post=156917"},{"taxonomy":"post_tag","embeddable":true,"href":"https:\/\/vinasfm.com\/noticias\/wp-json\/wp\/v2\/tags?post=156917"}],"curies":[{"name":"wp","href":"https:\/\/api.w.org\/{rel}","templated":true}]}}