{"id":156902,"date":"2026-01-09T10:05:15","date_gmt":"2026-01-09T13:05:15","guid":{"rendered":"https:\/\/vinasfm.com\/noticias\/?p=156902"},"modified":"2026-01-10T10:01:54","modified_gmt":"2026-01-10T13:01:54","slug":"los-alvearenses-walter-alvarez-y-silvina-castro-participaran-en-el-32o-triatlon-aniversario-en-junin","status":"publish","type":"post","link":"https:\/\/vinasfm.com\/noticias\/los-alvearenses-walter-alvarez-y-silvina-castro-participaran-en-el-32o-triatlon-aniversario-en-junin\/","title":{"rendered":"LOS ALVEARENSES WALTER ALVAREZ Y SILVINA CASTRO PARTICIPAR\u00c1N EN EL 32\u00ba TRIATL\u00d3N ANIVERSARIO EN JUN\u00cdN"},"content":{"rendered":"<h4><strong> Representar\u00e1n al departamento realizando el tramo de 2,5 km de Remo en el Carrizal, 58 km de ciclismo y por \u00faltimo 8 km de pedestrismo. <\/strong><\/h4>\n<p>La competencia tendr\u00e1 lugar el pr\u00f3ximo domingo 11 de enero desde las 09:00 hs:<em><strong> &#8216;estamos contentos de volver a las pruebas combinadas que requieren entrenar distintas disciplinas a la vez y tener una log\u00edstica compleja para viajar con bicicletas, kayaks y todos nuestros gu\u00edas, es una aventura&#8217;<\/strong><\/em> dijo <strong><span style=\"color: #993366;\">Walter Alvarez<\/span><\/strong>.<\/p>\n<p>&#x1f6f6; 2,5K de kayak (Club Jun\u00edn \u2192 Club Huarpes)<br \/>\n&#x1f6b4; 58K de ciclismo (Recorrido nuevo por ruta 63, Dique Benegas)<br \/>\n&#x1f3c3; 8K de pedestre (Hasta la D\u00e1rsena)<\/p>\n","protected":false},"excerpt":{"rendered":"<p>Representar\u00e1n al departamento realizando el tramo de 2,5 km de Remo en el Carrizal, 58 km de ciclismo y por \u00faltimo &#8230;<\/p>\n","protected":false},"author":7,"featured_media":156903,"comment_status":"open","ping_status":"open","sticky":false,"template":"","format":"standard","meta":{"footnotes":""},"categories":[5,3],"tags":[],"class_list":["post-156902","post","type-post","status-publish","format-standard","has-post-thumbnail","hentry","category-actualidad","category-deportes"],"_links":{"self":[{"href":"https:\/\/vinasfm.com\/noticias\/wp-json\/wp\/v2\/posts\/156902","targetHints":{"allow":["GET"]}}],"collection":[{"href":"https:\/\/vinasfm.com\/noticias\/wp-json\/wp\/v2\/posts"}],"about":[{"href":"https:\/\/vinasfm.com\/noticias\/wp-json\/wp\/v2\/types\/post"}],"author":[{"embeddable":true,"href":"https:\/\/vinasfm.com\/noticias\/wp-json\/wp\/v2\/users\/7"}],"replies":[{"embeddable":true,"href":"https:\/\/vinasfm.com\/noticias\/wp-json\/wp\/v2\/comments?post=156902"}],"version-history":[{"count":1,"href":"https:\/\/vinasfm.com\/noticias\/wp-json\/wp\/v2\/posts\/156902\/revisions"}],"predecessor-version":[{"id":156904,"href":"https:\/\/vinasfm.com\/noticias\/wp-json\/wp\/v2\/posts\/156902\/revisions\/156904"}],"wp:featuredmedia":[{"embeddable":true,"href":"https:\/\/vinasfm.com\/noticias\/wp-json\/wp\/v2\/media\/156903"}],"wp:attachment":[{"href":"https:\/\/vinasfm.com\/noticias\/wp-json\/wp\/v2\/media?parent=156902"}],"wp:term":[{"taxonomy":"category","embeddable":true,"href":"https:\/\/vinasfm.com\/noticias\/wp-json\/wp\/v2\/categories?post=156902"},{"taxonomy":"post_tag","embeddable":true,"href":"https:\/\/vinasfm.com\/noticias\/wp-json\/wp\/v2\/tags?post=156902"}],"curies":[{"name":"wp","href":"https:\/\/api.w.org\/{rel}","templated":true}]}}