{"id":156892,"date":"2026-01-09T09:00:59","date_gmt":"2026-01-09T12:00:59","guid":{"rendered":"https:\/\/vinasfm.com\/noticias\/?p=156892"},"modified":"2026-01-09T11:27:48","modified_gmt":"2026-01-09T14:27:48","slug":"defensa-civil-brindo-un-informe-sobre-las-lluvias-en-general-alvear","status":"publish","type":"post","link":"https:\/\/vinasfm.com\/noticias\/defensa-civil-brindo-un-informe-sobre-las-lluvias-en-general-alvear\/","title":{"rendered":"DEFENSA CIVIL BRIND\u00d3 UN INFORME SOBRE LAS LLUVIAS EN GENERAL ALVEAR"},"content":{"rendered":"<h4>El director de Defensa Civil de General Alvear, Javier Velasco, brind\u00f3 un informe sobre las lluvias registradas durante la jornada y el accionar de las distintas \u00e1reas municipales ante el evento clim\u00e1tico.<br \/>\nSeg\u00fan explic\u00f3 el funcionario, las precipitaciones comenzaron en horas de la madrugada.<\/h4>\n<p>\u201cDesde las primeras horas de la ma\u00f1ana, pr\u00e1cticamente desde la madrugada, alrededor de las tres y media o cuatro, arranc\u00f3 esta intensa lluvia\u201d, indic\u00f3. En ese marco, precis\u00f3 que hasta las nueve de la ma\u00f1ana se registraron \u201ccasi veintis\u00e9is, veintisiete mil\u00edmetros\u201d, momento en el cual se realiz\u00f3 el corte de las estaciones de medici\u00f3n.<\/p>\n<p>Velasco se\u00f1al\u00f3 que, hacia el mediod\u00eda, se sumaron algunos mil\u00edmetros m\u00e1s y que las lluvias continuar\u00edan durante la tarde. \u201cAhora han llovido tres, cuatro mil\u00edmetros m\u00e1s; sigue lloviendo y va a seguir lloviendo hasta las diecisiete o dieciocho horas aproximadamente, ya no con la intensidad de la ma\u00f1ana\u201d, sostuvo.<\/p>\n<p>En relaci\u00f3n al pron\u00f3stico, record\u00f3 que se hab\u00edan emitido alertas para la provincia. \u201cEl pron\u00f3stico nos marcaba una alerta amarilla y alerta naranja por algunos puntos de la provincia, que indicaban la posibilidad de fuertes lluvias\u201d, afirm\u00f3, y agreg\u00f3 que \u201clo m\u00e1s fuerte ya pas\u00f3\u201d.<\/p>\n<p>Respecto al funcionamiento de la infraestructura urbana, el director destac\u00f3 el trabajo conjunto con otras \u00e1reas municipales. \u201cHa funcionado bien todo el sistema; se ha trabajado con la gente de Servicios P\u00fablicos y el sistema de colectores, y no hemos tenido problemas para drenar el agua\u201d, explic\u00f3, principalmente durante el per\u00edodo de mayor intensidad, entre las siete y media y las nueve de la ma\u00f1ana.<\/p>\n<p>Sobre la situaci\u00f3n en los distritos, Velasco indic\u00f3 que las precipitaciones fueron dispares. \u201cEn los distritos pr\u00e1cticamente ha sido muy poca la cantidad de agua que ha ca\u00eddo; en Carmensa y en la zona Oeste, un poco m\u00e1s\u201d, detall\u00f3. En cuanto a las intervenciones, se\u00f1al\u00f3 que fueron limitadas. \u201cNo hemos tenido grandes intervenciones, salvo algunas infiltraciones de techo\u201d, expres\u00f3.<\/p>\n<p>Finalmente, destac\u00f3 el trabajo preventivo realizado por distintas dependencias municipales. \u201cQuiero destacar el trabajo de la gente de Contingencia y de la Municipalidad, que ha permitido reparar muchos techos de familias que ten\u00edan problemas de anegamiento\u201d, se\u00f1al\u00f3. En ese sentido, concluy\u00f3: \u201ceso hace que hoy, ante lluvias intensas en poco tiempo, no tengamos las intervenciones que ten\u00edamos hace un a\u00f1o atr\u00e1s. Podemos decir que el sistema entre las distintas \u00e1reas de la Municipalidad ha funcionado bien\u201d.<\/p>\n","protected":false},"excerpt":{"rendered":"<p>El director de Defensa Civil de General Alvear, Javier Velasco, brind\u00f3 un informe sobre las lluvias registradas durante la jornada y &#8230;<\/p>\n","protected":false},"author":7,"featured_media":131765,"comment_status":"open","ping_status":"open","sticky":false,"template":"","format":"standard","meta":{"footnotes":""},"categories":[5,51],"tags":[],"class_list":["post-156892","post","type-post","status-publish","format-standard","has-post-thumbnail","hentry","category-actualidad","category-defensa-civil"],"_links":{"self":[{"href":"https:\/\/vinasfm.com\/noticias\/wp-json\/wp\/v2\/posts\/156892","targetHints":{"allow":["GET"]}}],"collection":[{"href":"https:\/\/vinasfm.com\/noticias\/wp-json\/wp\/v2\/posts"}],"about":[{"href":"https:\/\/vinasfm.com\/noticias\/wp-json\/wp\/v2\/types\/post"}],"author":[{"embeddable":true,"href":"https:\/\/vinasfm.com\/noticias\/wp-json\/wp\/v2\/users\/7"}],"replies":[{"embeddable":true,"href":"https:\/\/vinasfm.com\/noticias\/wp-json\/wp\/v2\/comments?post=156892"}],"version-history":[{"count":1,"href":"https:\/\/vinasfm.com\/noticias\/wp-json\/wp\/v2\/posts\/156892\/revisions"}],"predecessor-version":[{"id":156893,"href":"https:\/\/vinasfm.com\/noticias\/wp-json\/wp\/v2\/posts\/156892\/revisions\/156893"}],"wp:featuredmedia":[{"embeddable":true,"href":"https:\/\/vinasfm.com\/noticias\/wp-json\/wp\/v2\/media\/131765"}],"wp:attachment":[{"href":"https:\/\/vinasfm.com\/noticias\/wp-json\/wp\/v2\/media?parent=156892"}],"wp:term":[{"taxonomy":"category","embeddable":true,"href":"https:\/\/vinasfm.com\/noticias\/wp-json\/wp\/v2\/categories?post=156892"},{"taxonomy":"post_tag","embeddable":true,"href":"https:\/\/vinasfm.com\/noticias\/wp-json\/wp\/v2\/tags?post=156892"}],"curies":[{"name":"wp","href":"https:\/\/api.w.org\/{rel}","templated":true}]}}