{"id":156854,"date":"2026-01-07T10:46:31","date_gmt":"2026-01-07T13:46:31","guid":{"rendered":"https:\/\/vinasfm.com\/noticias\/?p=156854"},"modified":"2026-01-08T10:54:10","modified_gmt":"2026-01-08T13:54:10","slug":"desde-gestion-ambiental-implementan-misiones-ambientales-junto-a-las-colonias-de-verano","status":"publish","type":"post","link":"https:\/\/vinasfm.com\/noticias\/desde-gestion-ambiental-implementan-misiones-ambientales-junto-a-las-colonias-de-verano\/","title":{"rendered":"DESDE GESTI\u00d3N AMBIENTAL IMPLEMENTAN MISIONES AMBIENTALES JUNTO A LOS COLONOS"},"content":{"rendered":"<h4><strong>En el marco de las actividades de educaci\u00f3n ambiental que se desarrollan todos los a\u00f1os, esta temporada se puso en marcha una nueva propuesta destinada a las colonias de verano en el Polideportivo Deportistas Alvearenses.\u00a0<\/strong><\/h4>\n<p><strong><span style=\"color: #339966;\">Denis Rabal<\/span><\/strong> explic\u00f3 en que se basan estas misiones que tiene por delante los colonos:<em><strong> &#8216;la iniciativa consiste en una capacitaci\u00f3n inicial, tras la cual los colonos, divididos por grupos y edades asumen distintas responsabilidades vinculadas al cuidado del ambiente dentro del predio<\/strong><\/em>&#8216;.<\/p>\n<p>&#8216;<em><strong>Cada grupo trabajar\u00e1 sobre un eje espec\u00edfico como deficiencia energ\u00e9tica, deficiencia h\u00eddrica, residuos, flora y fauna<\/strong><\/em>&#8216; Detallo el asesor de Ambiente de nuestro departamento Denis Rabanal.<\/p>\n<p>En el caso de la <span style=\"color: #339966;\"><em><strong>eficiencia energ\u00e9tica<\/strong><\/em><\/span>, los chicos deber\u00e1n controlar el correcto uso de luces y ventiladores, evitando consumos innecesarios.<\/p>\n<p>Otros grupos se ocupar\u00e1n de la <span style=\"color: #339966;\"><em><strong>flora<\/strong><\/em><\/span>, identificando los forestales existentes, su estado y las necesidades de mantenimiento, as\u00ed como los sectores donde ser\u00eda necesario incorporar nuevas plantas.<\/p>\n<p>Tambi\u00e9n habr\u00e1 equipos dedicados a observar y registrar la<span style=\"color: #339966;\"><em><strong> fauna presente<\/strong><\/em><\/span> en el polideportivo.<\/p>\n<p>La gesti\u00f3n de residuos ser\u00e1 otro de los ejes centrales: <em><strong>&#8216;los colonos deber\u00e1n analizar el funcionamiento del punto limpio, su correcta utilizaci\u00f3n y la importancia de la separaci\u00f3n de residuos&#8217;<\/strong><\/em>.<\/p>\n<p><em><strong>&#8216;Adem\u00e1s de la capacitaci\u00f3n, se les entregar\u00e1n tarjetas donde cada grupo registrar\u00e1 observaciones ambientales y posibles mejoras para el predio&#8217;<\/strong><\/em>.<\/p>\n<p>&nbsp;<\/p>\n","protected":false},"excerpt":{"rendered":"<p>En el marco de las actividades de educaci\u00f3n ambiental que se desarrollan todos los a\u00f1os, esta temporada se puso en marcha &#8230;<\/p>\n","protected":false},"author":7,"featured_media":156855,"comment_status":"open","ping_status":"open","sticky":false,"template":"","format":"standard","meta":{"footnotes":""},"categories":[5,10],"tags":[],"class_list":["post-156854","post","type-post","status-publish","format-standard","has-post-thumbnail","hentry","category-actualidad","category-destacadas"],"_links":{"self":[{"href":"https:\/\/vinasfm.com\/noticias\/wp-json\/wp\/v2\/posts\/156854","targetHints":{"allow":["GET"]}}],"collection":[{"href":"https:\/\/vinasfm.com\/noticias\/wp-json\/wp\/v2\/posts"}],"about":[{"href":"https:\/\/vinasfm.com\/noticias\/wp-json\/wp\/v2\/types\/post"}],"author":[{"embeddable":true,"href":"https:\/\/vinasfm.com\/noticias\/wp-json\/wp\/v2\/users\/7"}],"replies":[{"embeddable":true,"href":"https:\/\/vinasfm.com\/noticias\/wp-json\/wp\/v2\/comments?post=156854"}],"version-history":[{"count":3,"href":"https:\/\/vinasfm.com\/noticias\/wp-json\/wp\/v2\/posts\/156854\/revisions"}],"predecessor-version":[{"id":156885,"href":"https:\/\/vinasfm.com\/noticias\/wp-json\/wp\/v2\/posts\/156854\/revisions\/156885"}],"wp:featuredmedia":[{"embeddable":true,"href":"https:\/\/vinasfm.com\/noticias\/wp-json\/wp\/v2\/media\/156855"}],"wp:attachment":[{"href":"https:\/\/vinasfm.com\/noticias\/wp-json\/wp\/v2\/media?parent=156854"}],"wp:term":[{"taxonomy":"category","embeddable":true,"href":"https:\/\/vinasfm.com\/noticias\/wp-json\/wp\/v2\/categories?post=156854"},{"taxonomy":"post_tag","embeddable":true,"href":"https:\/\/vinasfm.com\/noticias\/wp-json\/wp\/v2\/tags?post=156854"}],"curies":[{"name":"wp","href":"https:\/\/api.w.org\/{rel}","templated":true}]}}