{"id":156849,"date":"2026-01-07T10:19:53","date_gmt":"2026-01-07T13:19:53","guid":{"rendered":"https:\/\/vinasfm.com\/noticias\/?p=156849"},"modified":"2026-01-08T09:18:53","modified_gmt":"2026-01-08T12:18:53","slug":"cayo-granizo-en-real-del-padre-y-jaime-prats-se-activa-el-fondo-compensador","status":"publish","type":"post","link":"https:\/\/vinasfm.com\/noticias\/cayo-granizo-en-real-del-padre-y-jaime-prats-se-activa-el-fondo-compensador\/","title":{"rendered":"CAY\u00d3 GRANIZO EN REAL DEL PADRE Y JAIME PRATS: SE ACTIVA EL FONDO COMPENSADOR"},"content":{"rendered":"<h4><strong>Durante la tarde de este martes se registr\u00f3 una intensa tormenta de granizo que afect\u00f3 a las localidades de Real del Padre y Jaime Prats, de San Rafael. Las piedras, de tama\u00f1o considerable, cayeron sobre \u00e1reas cultivadas y provocaron da\u00f1os en zonas urbanas, donde Defensa Civil advirti\u00f3 a vecinos y turistas que se resguardaran, especialmente quienes transitaban por la zona en veh\u00edculos.<\/strong><\/h4>\n<h2>Intensa tormenta de granizo en Real del Padre: \u00bfqu\u00e9 da\u00f1os dej\u00f3?<\/h2>\n<p>Durante la tarde, una fuerte tormenta volvi\u00f3 a desatarse en el sur provincial, aunque en esta ocasi\u00f3n afect\u00f3 a varias localidades de San Rafael. El fen\u00f3meno comenz\u00f3 en la zona de camping de Valle Grande y, minutos m\u00e1s tarde, se desplaz\u00f3 hacia \u00e1reas cultivadas, impactando principalmente en Jaime Prats y Real del Padre.<\/p>\n<p>Seg\u00fan los videos registrados durante la granizada, el fen\u00f3meno afect\u00f3 al campo y zonas urbanas. La ca\u00edda de granizo estuvo acompa\u00f1ada por abundante agua y r\u00e1fagas de viento, lo que provoc\u00f3 inundaciones repentinas y da\u00f1os considerables en \u00e1rboles. Adem\u00e1s, varios veh\u00edculos que circulaban por la zona debieron resguardarse en espacios techados.<\/p>\n<p>En di\u00e1logo con Sitio Andino sobre las zonas afectadas, el delegado distrital Ram\u00f3n P\u00e9rez explic\u00f3 que se trat\u00f3 de una fuerte granizada, aunque con piedras de tama\u00f1o reducido: \u201cAbarc\u00f3 toda la zona c\u00e9ntrica del distrito, desde el ingreso, por calle R\u00edo Negro hacia el sector noreste, afectando gran parte del \u00e1rea urbana y sectores de Campo Nuevo y \u00c1lvarez Condarco, que no son las zonas m\u00e1s cultivadas de Real del Padre\u201d.<\/p>\n<p>En cuanto al relevamiento de da\u00f1os, P\u00e9rez se\u00f1al\u00f3 que se registraron pocos casos, como techos da\u00f1ados y colchones mojados: \u201cNo hubo ca\u00edda de ramas grandes, solo ramas peque\u00f1as, y en algunos sectores el servicio el\u00e9ctrico permanece interrumpido. Hubo algunos anegamientos por acumulaci\u00f3n de agua, pero con la salida del sol se produjo una r\u00e1pida evaporaci\u00f3n. La mayor\u00eda de las calles dren\u00f3 hacia las acequias, lo que permiti\u00f3 que se limpiaran con rapidez\u201d.<\/p>\n<p>Desde Defensa Civil advirtieron a vecinos y turistas de Real del Padre que extremen las precauciones al transitar desde Valle Grande hacia el centro, debido a la crecida repentina de los badenes por la intensa lluvia en la monta\u00f1a.<\/p>\n<h2 data-start=\"27\" data-end=\"97\"><strong data-start=\"27\" data-end=\"97\">Tras el granizo, el Gobierno de Mendoza resarcir\u00e1 a productores<\/strong><\/h2>\n<p data-start=\"27\" data-end=\"302\">Desde la\u00a0<strong>Direcci\u00f3n de Contingencias Clim\u00e1ticas\u00a0<\/strong>(<strong>DCC<\/strong>), y a ra\u00edz de los da\u00f1os ocasionados por la tormenta, anunciaron una\u00a0<strong>apertura de denuncias\u00a0<\/strong>para que los\u00a0<strong>productores afectados\u00a0<\/strong>puedan acceder a una<strong>\u00a0compensaci\u00f3n econ\u00f3mica<\/strong>. Los da\u00f1os\u00a0<strong>podr\u00e1n notificarse<\/strong>\u00a0entre el\u00a0<strong>6 y el 20 de enero<\/strong>.<\/p>\n<p data-start=\"304\" data-end=\"463\">Adem\u00e1s, informaron que el\u00a0<strong>tr\u00e1mite puede realizarse de\u00a0<a href=\"https:\/\/www.mendoza.gov.ar\/contingencias\/\" target=\"_blank\" rel=\"follow noopener\">forma virtual a trav\u00e9s del SIA<\/a><\/strong>\u00a0o de<strong>\u00a0manera presencial<\/strong>\u00a0en las\u00a0<strong>delegaciones\u00a0<\/strong>y<strong>\u00a0centros receptores de la DCC<\/strong>.<\/p>\n<h2 data-start=\"27\" data-end=\"97\"><strong data-start=\"27\" data-end=\"97\">Nueva tormenta en el sur de Mendoza: c\u00f3mo seguir\u00e1 el tiempo<\/strong><\/h2>\n<p data-start=\"99\" data-end=\"485\">Las condiciones de inestabilidad<strong>\u00a0afectan a los departamentos del sur desde el lunes<\/strong>, cuando una\u00a0<strong>intensa tormenta dej\u00f3 una ca\u00edda de lluvia poco habitual<\/strong>: unos\u00a0<strong>24 mil\u00edmetros<\/strong>\u00a0en apenas seis minutos sobre\u00a0<strong>Malarg\u00fce<\/strong>, para luego\u00a0<strong>desplazarse hacia San Rafael<\/strong>. El fen\u00f3meno estuvo acompa\u00f1ado por\u00a0<strong>granizo\u00a0<\/strong>de aproximadamente<strong>\u00a03 cent\u00edmetros de di\u00e1metro<\/strong>, que afect\u00f3 tanto a zonas urbanas como rurales.<\/p>\n<p data-start=\"487\" data-end=\"855\">Si bien el evento est\u00e1 asociado al\u00a0<strong>ingreso de un frente fr\u00edo<\/strong>, a lo largo de la semana\u00a0<strong>se espera que la inestabilidad contin\u00fae<\/strong>, con probabilidad de\u00a0<strong>tormentas, chaparrones y lluvias dispersas<\/strong>. Los per\u00edodos de mayor intensidad podr\u00edan registrarse entre\u00a0<strong>jueves y viernes<\/strong>, aunque el pron\u00f3stico podr\u00eda modificarse seg\u00fan la evoluci\u00f3n diaria de las\u00a0<strong>condiciones meteorol\u00f3gicas<\/strong>.<\/p>\n","protected":false},"excerpt":{"rendered":"<p>Durante la tarde de este martes se registr\u00f3 una intensa tormenta de granizo que afect\u00f3 a las localidades de Real del &#8230;<\/p>\n","protected":false},"author":7,"featured_media":156850,"comment_status":"open","ping_status":"open","sticky":false,"template":"","format":"standard","meta":{"footnotes":""},"categories":[5,14],"tags":[],"class_list":["post-156849","post","type-post","status-publish","format-standard","has-post-thumbnail","hentry","category-actualidad","category-agro"],"_links":{"self":[{"href":"https:\/\/vinasfm.com\/noticias\/wp-json\/wp\/v2\/posts\/156849","targetHints":{"allow":["GET"]}}],"collection":[{"href":"https:\/\/vinasfm.com\/noticias\/wp-json\/wp\/v2\/posts"}],"about":[{"href":"https:\/\/vinasfm.com\/noticias\/wp-json\/wp\/v2\/types\/post"}],"author":[{"embeddable":true,"href":"https:\/\/vinasfm.com\/noticias\/wp-json\/wp\/v2\/users\/7"}],"replies":[{"embeddable":true,"href":"https:\/\/vinasfm.com\/noticias\/wp-json\/wp\/v2\/comments?post=156849"}],"version-history":[{"count":1,"href":"https:\/\/vinasfm.com\/noticias\/wp-json\/wp\/v2\/posts\/156849\/revisions"}],"predecessor-version":[{"id":156851,"href":"https:\/\/vinasfm.com\/noticias\/wp-json\/wp\/v2\/posts\/156849\/revisions\/156851"}],"wp:featuredmedia":[{"embeddable":true,"href":"https:\/\/vinasfm.com\/noticias\/wp-json\/wp\/v2\/media\/156850"}],"wp:attachment":[{"href":"https:\/\/vinasfm.com\/noticias\/wp-json\/wp\/v2\/media?parent=156849"}],"wp:term":[{"taxonomy":"category","embeddable":true,"href":"https:\/\/vinasfm.com\/noticias\/wp-json\/wp\/v2\/categories?post=156849"},{"taxonomy":"post_tag","embeddable":true,"href":"https:\/\/vinasfm.com\/noticias\/wp-json\/wp\/v2\/tags?post=156849"}],"curies":[{"name":"wp","href":"https:\/\/api.w.org\/{rel}","templated":true}]}}