{"id":156847,"date":"2026-01-07T09:55:33","date_gmt":"2026-01-07T12:55:33","guid":{"rendered":"https:\/\/vinasfm.com\/noticias\/?p=156847"},"modified":"2026-01-07T12:29:48","modified_gmt":"2026-01-07T15:29:48","slug":"se-proyecta-una-produccion-de-mas-de-30-mil-toneladas-de-durazno-en-el-sur-mendocino","status":"publish","type":"post","link":"https:\/\/vinasfm.com\/noticias\/se-proyecta-una-produccion-de-mas-de-30-mil-toneladas-de-durazno-en-el-sur-mendocino\/","title":{"rendered":"SE PROYECTA UNA PRODUCCI\u00d3N DE M\u00c1S DE 30 MIL TONELADAS DE  DURAZNO EN EL SUR MENDOCINO"},"content":{"rendered":"<h4><strong>En un contexto marcado por la incertidumbre del sector, atravesado por la falta de definici\u00f3n de precios, la apertura de importaciones y la duda de algunas empresas respecto a su continuidad operativa, el Ministerio de Producci\u00f3n de Mendoza dio a conocer el pron\u00f3stico de cosecha de durazno para industria correspondiente a la campa\u00f1a 2025\/26.<\/strong><\/h4>\n<p>De acuerdo con el informe elaborado por la Direcci\u00f3n de Agricultura, dependiente de la Subsecretar\u00eda de Agricultura y Ganader\u00eda, se espera una producci\u00f3n total estimada en 110.685 toneladas, un volumen considerado promedio en comparaci\u00f3n con campa\u00f1as anteriores.<\/p>\n<p>El detalle por regiones indica que el Valle de Uco concentra el 57 % de la producci\u00f3n, con unas 63.367 toneladas, mientras que la zona Sur aporta el 30 %, equivalente a 32.655 toneladas, consolid\u00e1ndose como el segundo polo productivo de la provincia. En tanto, las zonas Este y Norte, en conjunto, representan el 13 % restante, con 14.663 toneladas.<\/p>\n<p><em><strong>\u201cEstos datos reflejan un a\u00f1o de producci\u00f3n promedio, con estabilidad en las expectativas del sector\u201d<\/strong><\/em>, se\u00f1al\u00f3 Alfredo Draque, director de Agricultura de la provincia.<\/p>\n<p>En cuanto a la densidad de frutos por hect\u00e1rea, las mayores concentraciones se registran en la zona Norte, con 254.977 frutos, y en el Valle de Uco, con 185.469. Le siguen la zona Sur, con 168.106 frutos por hect\u00e1rea, y la zona Este, con 164.992.<\/p>\n<p>No obstante, el informe tambi\u00e9n advierte sobre el impacto de los eventos clim\u00e1ticos recientes. A ra\u00edz de la tormenta registrada el 20 de diciembre, se estima que 274 hect\u00e1reas de durazno resultaron afectadas en el oasis Sur. Considerando los promedios productivos de la regi\u00f3n, la p\u00e9rdida asociada a esta superficie da\u00f1ada se calcula en 5.249 toneladas, un golpe significativo para una zona que ya enfrenta un escenario econ\u00f3mico complejo.<\/p>\n<h6><span style=\"color: #800080;\">Fuente: Diario San Rafael<\/span><\/h6>\n","protected":false},"excerpt":{"rendered":"<p>En un contexto marcado por la incertidumbre del sector, atravesado por la falta de definici\u00f3n de precios, la apertura de importaciones &#8230;<\/p>\n","protected":false},"author":7,"featured_media":30271,"comment_status":"open","ping_status":"open","sticky":false,"template":"","format":"standard","meta":{"footnotes":""},"categories":[5,14],"tags":[],"class_list":["post-156847","post","type-post","status-publish","format-standard","has-post-thumbnail","hentry","category-actualidad","category-agro"],"_links":{"self":[{"href":"https:\/\/vinasfm.com\/noticias\/wp-json\/wp\/v2\/posts\/156847","targetHints":{"allow":["GET"]}}],"collection":[{"href":"https:\/\/vinasfm.com\/noticias\/wp-json\/wp\/v2\/posts"}],"about":[{"href":"https:\/\/vinasfm.com\/noticias\/wp-json\/wp\/v2\/types\/post"}],"author":[{"embeddable":true,"href":"https:\/\/vinasfm.com\/noticias\/wp-json\/wp\/v2\/users\/7"}],"replies":[{"embeddable":true,"href":"https:\/\/vinasfm.com\/noticias\/wp-json\/wp\/v2\/comments?post=156847"}],"version-history":[{"count":1,"href":"https:\/\/vinasfm.com\/noticias\/wp-json\/wp\/v2\/posts\/156847\/revisions"}],"predecessor-version":[{"id":156848,"href":"https:\/\/vinasfm.com\/noticias\/wp-json\/wp\/v2\/posts\/156847\/revisions\/156848"}],"wp:featuredmedia":[{"embeddable":true,"href":"https:\/\/vinasfm.com\/noticias\/wp-json\/wp\/v2\/media\/30271"}],"wp:attachment":[{"href":"https:\/\/vinasfm.com\/noticias\/wp-json\/wp\/v2\/media?parent=156847"}],"wp:term":[{"taxonomy":"category","embeddable":true,"href":"https:\/\/vinasfm.com\/noticias\/wp-json\/wp\/v2\/categories?post=156847"},{"taxonomy":"post_tag","embeddable":true,"href":"https:\/\/vinasfm.com\/noticias\/wp-json\/wp\/v2\/tags?post=156847"}],"curies":[{"name":"wp","href":"https:\/\/api.w.org\/{rel}","templated":true}]}}