{"id":156845,"date":"2026-01-07T09:44:44","date_gmt":"2026-01-07T12:44:44","guid":{"rendered":"https:\/\/vinasfm.com\/noticias\/?p=156845"},"modified":"2026-01-07T12:10:17","modified_gmt":"2026-01-07T15:10:17","slug":"se-conocio-el-calendario-escolar-2026-con-el-inicio-de-clases-y-de-vacaciones-provincia-por-provincia","status":"publish","type":"post","link":"https:\/\/vinasfm.com\/noticias\/se-conocio-el-calendario-escolar-2026-con-el-inicio-de-clases-y-de-vacaciones-provincia-por-provincia\/","title":{"rendered":"SE CONOCI\u00d3 EL CALENDARIO ESCOLAR 2026 CON EL INICIO DE CLASES Y DE VACACIONES PROVINCIA POR PROVINCIA"},"content":{"rendered":"<h4><strong>El gobierno nacional, a trav\u00e9s del Consejo Federal de Educaci\u00f3n (CFE), public\u00f3 este martes la Resoluci\u00f3n CFE N\u00b0 508\/2025 que fija el calendario escolar 2026, con todas las fechas de inicio de clases por jurisdicci\u00f3n. En Mendoza arrancan el 25 de febrero en el nivel inicial, primaria, especial, j\u00f3venes adultos y 1 a\u00f1o de la secundaria.<\/strong><\/h4>\n<p>El 2 de marzo arrancan las actividades en la secundaria, de 2 a 6 a\u00f1o, de acuerdo a la disposici\u00f3n de la Direcci\u00f3n General de Escuelas (DGE) que se conoci\u00f3 a fines del a\u00f1o pasado.<\/p>\n<p>Aunque en los colegios de la UNCuyo tienen dos jornadas de ambientaci\u00f3n el 3 y 4 de marzo y el 5 de marzo comienzan a cursar el primer cuatrimestre del a\u00f1o al igual que el resto de los estudiantes.<\/p>\n<h2>Fechas clave para Buenos Aires<\/h2>\n<p>En la provincia de Buenos Aires, las clases inician el 2 de marzo de 2026, con receso invernal del 20 al 31 de julio y finalizaci\u00f3n el 22 de diciembre de 2026. En CABA, el inicio es el mismo d\u00eda (2\/03\/2026), receso del 20 al 31 de julio y cierre el 18 de diciembre.<\/p>\n<h2>Calendario por provincia<\/h2>\n<p>El calendario var\u00eda ligeramente por jurisdicci\u00f3n, con la mayor\u00eda iniciando en marzo y recesos invernales en julio. El \u00fanico casillero en blanco es el de Neuqu\u00e9n porque se \u00abencuentra en elaboraci\u00f3n\u00bb, seg\u00fan se consign\u00f3 en el documento oficial. El detalle provincia por provincia es el siguiente:<\/p>\n<p>Este a\u00f1o ser\u00e1 bisagra con el tema de uso de celulares en la escuela despu\u00e9s del pacto parental que ya firmaron varios colegios de Mendoza para el inicio de clases en el 2026.<\/p>\n","protected":false},"excerpt":{"rendered":"<p>El gobierno nacional, a trav\u00e9s del Consejo Federal de Educaci\u00f3n (CFE), public\u00f3 este martes la Resoluci\u00f3n CFE N\u00b0 508\/2025 que fija &#8230;<\/p>\n","protected":false},"author":7,"featured_media":154958,"comment_status":"open","ping_status":"open","sticky":false,"template":"","format":"standard","meta":{"footnotes":""},"categories":[5,18],"tags":[],"class_list":["post-156845","post","type-post","status-publish","format-standard","has-post-thumbnail","hentry","category-actualidad","category-educacion"],"_links":{"self":[{"href":"https:\/\/vinasfm.com\/noticias\/wp-json\/wp\/v2\/posts\/156845","targetHints":{"allow":["GET"]}}],"collection":[{"href":"https:\/\/vinasfm.com\/noticias\/wp-json\/wp\/v2\/posts"}],"about":[{"href":"https:\/\/vinasfm.com\/noticias\/wp-json\/wp\/v2\/types\/post"}],"author":[{"embeddable":true,"href":"https:\/\/vinasfm.com\/noticias\/wp-json\/wp\/v2\/users\/7"}],"replies":[{"embeddable":true,"href":"https:\/\/vinasfm.com\/noticias\/wp-json\/wp\/v2\/comments?post=156845"}],"version-history":[{"count":1,"href":"https:\/\/vinasfm.com\/noticias\/wp-json\/wp\/v2\/posts\/156845\/revisions"}],"predecessor-version":[{"id":156846,"href":"https:\/\/vinasfm.com\/noticias\/wp-json\/wp\/v2\/posts\/156845\/revisions\/156846"}],"wp:featuredmedia":[{"embeddable":true,"href":"https:\/\/vinasfm.com\/noticias\/wp-json\/wp\/v2\/media\/154958"}],"wp:attachment":[{"href":"https:\/\/vinasfm.com\/noticias\/wp-json\/wp\/v2\/media?parent=156845"}],"wp:term":[{"taxonomy":"category","embeddable":true,"href":"https:\/\/vinasfm.com\/noticias\/wp-json\/wp\/v2\/categories?post=156845"},{"taxonomy":"post_tag","embeddable":true,"href":"https:\/\/vinasfm.com\/noticias\/wp-json\/wp\/v2\/tags?post=156845"}],"curies":[{"name":"wp","href":"https:\/\/api.w.org\/{rel}","templated":true}]}}