{"id":156840,"date":"2026-01-07T09:18:04","date_gmt":"2026-01-07T12:18:04","guid":{"rendered":"https:\/\/vinasfm.com\/noticias\/?p=156840"},"modified":"2026-01-07T11:42:22","modified_gmt":"2026-01-07T14:42:22","slug":"importantes-danos-por-la-tormenta-de-piedra-en-real-del-padre-y-jaime-prats","status":"publish","type":"post","link":"https:\/\/vinasfm.com\/noticias\/importantes-danos-por-la-tormenta-de-piedra-en-real-del-padre-y-jaime-prats\/","title":{"rendered":"IMPORTANTES DA\u00d1OS POR LA TORMENTA DE PIEDRA EN REAL DEL PADRE Y JAIME PRATS"},"content":{"rendered":"<h4><strong>Una fuerte tormenta con ca\u00edda de piedra afect\u00f3 durante la jornada de ayer a distintas zonas productivas de Real del Padre y Jaime Prats, generando da\u00f1os significativos en fincas, especialmente en vi\u00f1edos, ciruelos, duraznos y parrales. Si bien la franja afectada fue m\u00e1s reducida que la del a\u00f1o pasado, los productores advierten que, donde impact\u00f3, el da\u00f1o fue considerable.<\/strong><\/h4>\n<div style=\"width: 848px;\" class=\"wp-video\"><video class=\"wp-video-shortcode\" id=\"video-156840-1\" width=\"848\" height=\"480\" preload=\"metadata\" controls=\"controls\"><source type=\"video\/mp4\" src=\"https:\/\/vinasfm.com\/noticias\/wp-content\/uploads\/2026\/01\/VID-20260106-WA0083.mp4?_=1\" \/><a href=\"https:\/\/vinasfm.com\/noticias\/wp-content\/uploads\/2026\/01\/VID-20260106-WA0083.mp4\">https:\/\/vinasfm.com\/noticias\/wp-content\/uploads\/2026\/01\/VID-20260106-WA0083.mp4<\/a><\/video><\/div>\n<p>As\u00ed lo relataba desde la <strong><span style=\"color: #993366;\">Asociaci\u00f3n de Productores del Oasis Sur<\/span> <\/strong>(POS) su presidente <strong><span style=\"color: #993366;\">Anibal Luna<\/span><\/strong>: <em><strong>&#8216;la tormenta comenz\u00f3 en la zona de Los Tableros y avanz\u00f3 en diagonal hacia el norte de Real del Padre, extendi\u00e9ndose principalmente hacia \u00e1reas de campo.<\/strong><\/em><\/p>\n<div style=\"width: 848px;\" class=\"wp-video\"><video class=\"wp-video-shortcode\" id=\"video-156840-2\" width=\"848\" height=\"480\" preload=\"metadata\" controls=\"controls\"><source type=\"video\/mp4\" src=\"https:\/\/vinasfm.com\/noticias\/wp-content\/uploads\/2026\/01\/VID-20260106-WA0088.mp4?_=2\" \/><a href=\"https:\/\/vinasfm.com\/noticias\/wp-content\/uploads\/2026\/01\/VID-20260106-WA0088.mp4\">https:\/\/vinasfm.com\/noticias\/wp-content\/uploads\/2026\/01\/VID-20260106-WA0088.mp4<\/a><\/video><\/div>\n<p><em><strong>&#8216;Sectores como la conocida \u201cL\u00ednea de Goico\u201d, la zona de la \u201c80\u201d y alrededores de la Escuela \u00c1lvarez Condarco se vieron particularmente afectados, alcanzando incluso fincas de gran extensi\u00f3n&#8217;<\/strong><\/em>.<\/p>\n<p>Aunque el granizo no fue generalizado, la piedra ca\u00edda provoc\u00f3 roturas en ramas, ca\u00edda de fruta y da\u00f1os estructurales en plantas que ya ven\u00edan golpeadas de temporadas anteriores: <em><strong>&#8216;hay cultivos que necesitar\u00e1n un plan de recuperaci\u00f3n de estructura, porque son plantas da\u00f1adas el a\u00f1o pasado y nuevamente afectadas este a\u00f1o, lo que hace muy dif\u00edcil su recuperaci\u00f3n&#8217;<\/strong><\/em> indic\u00f3 <strong><span style=\"color: #993366;\">Anibal<\/span> <\/strong>en di\u00e1logo con <strong><span style=\"color: #993366;\">FM VI\u00d1AS<\/span><\/strong>.<\/p>\n<p>Durante la noche se realiz\u00f3 una reuni\u00f3n entre productores y referentes, donde tambi\u00e9n hubo contactos con representantes del Gobierno Provincial: <em><strong>&#8216;si bien se mencion\u00f3 el fondo compensador como una ayuda inmediata, los productores coincidieron en que se trata de una herramienta coyuntural y que resulta necesario avanzar en un plan de trabajo m\u00e1s estructural y a largo plazo para sostener la actividad productiva&#8217;<\/strong><\/em>.<\/p>\n<p>La tormenta coincidi\u00f3 casi exactamente con fechas de otros eventos clim\u00e1ticos severos registrados en a\u00f1os anteriores en la misma regi\u00f3n, lo que refuerza la preocupaci\u00f3n por la recurrencia de estos fen\u00f3menos y su relaci\u00f3n con el cambio clim\u00e1tico. Adem\u00e1s, el sistema de tormentas continu\u00f3 su avance hacia otras provincias como San Luis y C\u00f3rdoba, donde tambi\u00e9n se reportaron destrozos y rutas cortadas.<\/p>\n<div style=\"width: 848px;\" class=\"wp-video\"><video class=\"wp-video-shortcode\" id=\"video-156840-3\" width=\"848\" height=\"480\" preload=\"metadata\" controls=\"controls\"><source type=\"video\/mp4\" src=\"https:\/\/vinasfm.com\/noticias\/wp-content\/uploads\/2026\/01\/VID-20260106-WA0086.mp4?_=3\" \/><a href=\"https:\/\/vinasfm.com\/noticias\/wp-content\/uploads\/2026\/01\/VID-20260106-WA0086.mp4\">https:\/\/vinasfm.com\/noticias\/wp-content\/uploads\/2026\/01\/VID-20260106-WA0086.mp4<\/a><\/video><\/div>\n","protected":false},"excerpt":{"rendered":"<p>Una fuerte tormenta con ca\u00edda de piedra afect\u00f3 durante la jornada de ayer a distintas zonas productivas de Real del Padre &#8230;<\/p>\n","protected":false},"author":7,"featured_media":156833,"comment_status":"open","ping_status":"open","sticky":false,"template":"","format":"standard","meta":{"footnotes":""},"categories":[5,14],"tags":[],"class_list":["post-156840","post","type-post","status-publish","format-standard","has-post-thumbnail","hentry","category-actualidad","category-agro"],"_links":{"self":[{"href":"https:\/\/vinasfm.com\/noticias\/wp-json\/wp\/v2\/posts\/156840","targetHints":{"allow":["GET"]}}],"collection":[{"href":"https:\/\/vinasfm.com\/noticias\/wp-json\/wp\/v2\/posts"}],"about":[{"href":"https:\/\/vinasfm.com\/noticias\/wp-json\/wp\/v2\/types\/post"}],"author":[{"embeddable":true,"href":"https:\/\/vinasfm.com\/noticias\/wp-json\/wp\/v2\/users\/7"}],"replies":[{"embeddable":true,"href":"https:\/\/vinasfm.com\/noticias\/wp-json\/wp\/v2\/comments?post=156840"}],"version-history":[{"count":3,"href":"https:\/\/vinasfm.com\/noticias\/wp-json\/wp\/v2\/posts\/156840\/revisions"}],"predecessor-version":[{"id":156844,"href":"https:\/\/vinasfm.com\/noticias\/wp-json\/wp\/v2\/posts\/156840\/revisions\/156844"}],"wp:featuredmedia":[{"embeddable":true,"href":"https:\/\/vinasfm.com\/noticias\/wp-json\/wp\/v2\/media\/156833"}],"wp:attachment":[{"href":"https:\/\/vinasfm.com\/noticias\/wp-json\/wp\/v2\/media?parent=156840"}],"wp:term":[{"taxonomy":"category","embeddable":true,"href":"https:\/\/vinasfm.com\/noticias\/wp-json\/wp\/v2\/categories?post=156840"},{"taxonomy":"post_tag","embeddable":true,"href":"https:\/\/vinasfm.com\/noticias\/wp-json\/wp\/v2\/tags?post=156840"}],"curies":[{"name":"wp","href":"https:\/\/api.w.org\/{rel}","templated":true}]}}