{"id":156829,"date":"2026-01-07T08:49:58","date_gmt":"2026-01-07T11:49:58","guid":{"rendered":"https:\/\/vinasfm.com\/noticias\/?p=156829"},"modified":"2026-01-07T11:39:28","modified_gmt":"2026-01-07T14:39:28","slug":"el-desafio-de-las-ciudades-sostenibles-claves-para-integrar-el-arbolado-publico-y-los-servicios-esenciales","status":"publish","type":"post","link":"https:\/\/vinasfm.com\/noticias\/el-desafio-de-las-ciudades-sostenibles-claves-para-integrar-el-arbolado-publico-y-los-servicios-esenciales\/","title":{"rendered":"EL DESAF\u00cdO DE LAS CIUDADES SOSTENIBLES: CLAVES PARA INTEGRAR EL ARBOLADO P\u00daBLICO Y LOS SERVICIOS ESENCIALES"},"content":{"rendered":"<h4><strong>Juan Ignacio Haudet, director de Biodiversidad y Ecoparque de Mendoza, encabez\u00f3 una serie de jornadas t\u00e9cnicas destinadas a operarios de empresas el\u00e9ctricas para unificar criterios sobre el mantenimiento de l\u00edneas y la preservaci\u00f3n de los forestales. El funcionario advirti\u00f3 que el arbolado es un aliado cr\u00edtico frente al cambio clim\u00e1tico y record\u00f3 que existen fuertes multas para quienes realicen erradicaciones o podas sin autorizaci\u00f3n t\u00e9cnica.<\/strong><\/h4>\n<h2>Unificar criterios para proteger el pulm\u00f3n verde<\/h2>\n<p>La convivencia entre los cables y las copas de los \u00e1rboles suele ser un punto de conflicto en las ciudades. Con el objetivo de evitar da\u00f1os irreversibles al patrimonio forestal, la Direcci\u00f3n de Biodiversidad capacit\u00f3 a m\u00e1s de cien t\u00e9cnicos sobre las formas correctas de intervenir los ejemplares. <em><strong>\u00abEl servicio que brindan los \u00e1rboles en las ciudades es preponderante para la calidad de vida, y el servicio el\u00e9ctrico tambi\u00e9n lo es; por eso no deber\u00edan competir, sino coexistir\u00bb<\/strong><\/em>, declar\u00f3 Juan Ignacio Haudet.<\/p>\n<p><em><strong>\u00abLa jornada central apunt\u00f3 espec\u00edficamente a los t\u00e9cnicos que hacen trabajos de liberaci\u00f3n de l\u00edneas. Se fijaron criterios claros; el uso de herramientas desinfectadas para evitar enfermedades al \u00e1rbol y el l\u00edmite de realizar cortes en ramas no mayores a tres cent\u00edmetros. Siempre va a primar la seguridad p\u00fablica, pero bajo un criterio t\u00e9cnico armonioso\u00bb<\/strong><\/em>, expres\u00f3 al respecto.<\/p>\n<h2><strong>El marco legal del arbolado p\u00fablico<\/strong><\/h2>\n<p>Haudet fue enf\u00e1tico al recordar que el arbolado p\u00fablico est\u00e1 protegido por la Ley 7874. Muchas veces, los vecinos toman decisiones dr\u00e1sticas por inconvenientes con ra\u00edces o sombras, exponi\u00e9ndose a sanciones legales<strong>. <em>\u00abLa persona f\u00edsica no es la due\u00f1a del \u00e1rbol que est\u00e1 en su vereda. Si tiene un inconveniente, debe iniciar un expediente ante la autoridad competente, que generalmente es el municipio\u00bb<\/em><\/strong>, coment\u00f3.<\/p>\n<p><em><strong>\u00abMuchas veces la soluci\u00f3n m\u00e1s f\u00e1cil parece ser la erradicaci\u00f3n, pero hay que ver la causa del problema. Si una ra\u00edz levanta la vereda, quiz\u00e1s es porque el nicho no est\u00e1 bien conformado. Si decidimos sacar \u00e1rboles de forma arbitraria, estamos eliminando a nuestro gran aliado contra el cambio clim\u00e1tico. Hay multas tanto para ciudadanos como para municipios o empresas que no cumplan la normativa\u00bb<\/strong><\/em>, advirti\u00f3 en otro tramo de la comunicaci\u00f3n.<\/p>\n<h2>Autonom\u00eda municipal y urgencias en San Rafael<\/h2>\n<p>Ante el debate sobre la autonom\u00eda de los departamentos para gestionar sus recursos, el director aclar\u00f3 que las facultades para actuar ante riesgos inminentes ya existen y que la agilidad depende, en gran medida, de la capacidad operativa local. <em><strong>\u00abHay que separar la paja del trigo: en casos de peligro para la seguridad p\u00fablica, los municipios tienen la obligaci\u00f3n y la capacidad de actuar de forma inmediata, sin esperar autorizaci\u00f3n de la provincia\u00bb<\/strong><\/em>, asegur\u00f3 Haudet.<\/p>\n<p><em><strong>\u00abLa demora muchas veces surge cuando el municipio no cuenta con profesionales t\u00e9cnicos, como ingenieros agr\u00f3nomos, al frente de sus cuadrillas. En San Rafael hemos agilizado much\u00edsimo los procesos, pero tambi\u00e9n hay que ser cr\u00edticos: a veces damos la autorizaci\u00f3n y la capacidad operativa del municipio no alcanza para ejecutar el trabajo\u00bb<\/strong><\/em>, consider\u00f3 el entrevistado.<\/p>\n<h2>Ecoparque: de la exhibici\u00f3n a la rehabilitaci\u00f3n de fauna<\/h2>\n<p>La transformaci\u00f3n del antiguo zool\u00f3gico de Mendoza en un Ecoparque sigue su curso. El cambio de paradigma implica dejar de ver al animal como un objeto de entretenimiento para convertir el espacio en un centro de conservaci\u00f3n y rescate. <em><strong>\u00abCerramos las puertas porque los animales dejaron de ser un mero entretenimiento. Pasamos de tener casi 3.000 ejemplares a un proceso de liberaci\u00f3n de espacio, castraciones y traslados. El objetivo es que el Ecoparque sea un centro de rehabilitaci\u00f3n de fauna silvestre: cuando aparece un animal herido, lo recuperamos para devolverlo a la naturaleza\u00bb<\/strong><\/em>, explic\u00f3 el director de Biodiversidad y Ecoparque de Mendoza.<\/p>\n<p><em><strong>\u00abGran parte de la infraestructura patrimonial ya est\u00e1 resuelta con fondos no reembolsables. No hay una fecha de apertura definida, pero cuando el p\u00fablico vuelva a ingresar, podr\u00e1 disfrutar del paseo sin que haya un animal encerrado para su diversi\u00f3n\u00bb<\/strong><\/em>, complet\u00f3.<\/p>\n","protected":false},"excerpt":{"rendered":"<p>Juan Ignacio Haudet, director de Biodiversidad y Ecoparque de Mendoza, encabez\u00f3 una serie de jornadas t\u00e9cnicas destinadas a operarios de empresas &#8230;<\/p>\n","protected":false},"author":7,"featured_media":156839,"comment_status":"open","ping_status":"open","sticky":false,"template":"","format":"standard","meta":{"footnotes":""},"categories":[5,10],"tags":[],"class_list":["post-156829","post","type-post","status-publish","format-standard","has-post-thumbnail","hentry","category-actualidad","category-destacadas"],"_links":{"self":[{"href":"https:\/\/vinasfm.com\/noticias\/wp-json\/wp\/v2\/posts\/156829","targetHints":{"allow":["GET"]}}],"collection":[{"href":"https:\/\/vinasfm.com\/noticias\/wp-json\/wp\/v2\/posts"}],"about":[{"href":"https:\/\/vinasfm.com\/noticias\/wp-json\/wp\/v2\/types\/post"}],"author":[{"embeddable":true,"href":"https:\/\/vinasfm.com\/noticias\/wp-json\/wp\/v2\/users\/7"}],"replies":[{"embeddable":true,"href":"https:\/\/vinasfm.com\/noticias\/wp-json\/wp\/v2\/comments?post=156829"}],"version-history":[{"count":2,"href":"https:\/\/vinasfm.com\/noticias\/wp-json\/wp\/v2\/posts\/156829\/revisions"}],"predecessor-version":[{"id":156861,"href":"https:\/\/vinasfm.com\/noticias\/wp-json\/wp\/v2\/posts\/156829\/revisions\/156861"}],"wp:featuredmedia":[{"embeddable":true,"href":"https:\/\/vinasfm.com\/noticias\/wp-json\/wp\/v2\/media\/156839"}],"wp:attachment":[{"href":"https:\/\/vinasfm.com\/noticias\/wp-json\/wp\/v2\/media?parent=156829"}],"wp:term":[{"taxonomy":"category","embeddable":true,"href":"https:\/\/vinasfm.com\/noticias\/wp-json\/wp\/v2\/categories?post=156829"},{"taxonomy":"post_tag","embeddable":true,"href":"https:\/\/vinasfm.com\/noticias\/wp-json\/wp\/v2\/tags?post=156829"}],"curies":[{"name":"wp","href":"https:\/\/api.w.org\/{rel}","templated":true}]}}