{"id":156822,"date":"2026-01-06T21:52:29","date_gmt":"2026-01-07T00:52:29","guid":{"rendered":"https:\/\/vinasfm.com\/noticias\/?p=156822"},"modified":"2026-01-07T10:46:27","modified_gmt":"2026-01-07T13:46:27","slug":"se-realizo-una-charla-informativa-sobre-el-avance-de-la-plaga-de-catas-en-frutales","status":"publish","type":"post","link":"https:\/\/vinasfm.com\/noticias\/se-realizo-una-charla-informativa-sobre-el-avance-de-la-plaga-de-catas-en-frutales\/","title":{"rendered":"SE REALIZ\u00d3 UNA CHARLA INFORMATIVA SOBRE EL AVANCE DE LA PLAGA DE CATAS EN FRUTALES"},"content":{"rendered":"<h4><strong>El Instituto de Sanidad y Calidad Agropecuaria Mendoza (Iscamen) llev\u00f3 adelante una charla informativa en el HCD destinada a productores, ante el avance de la plaga de cotorras (catas) que est\u00e1 afectando a frutales en distintos puntos de la provincia.<\/strong><\/h4>\n<p>Seg\u00fan se inform\u00f3, la problem\u00e1tica comenz\u00f3 a manifestarse con fuerza en el norte mendocino y actualmente ya se registra en el sur provincial.<\/p>\n<p>El encuentro surgi\u00f3 a partir de la demanda de productores preocupados por los importantes da\u00f1os que estas aves generan, especialmente en cultivos como almendras, nueces y pistachos.<\/p>\n<p>Las cotorras provocan severas p\u00e9rdidas tanto en la etapa de floraci\u00f3n como cuando el fruto ya est\u00e1 formado, da\u00f1ando la producci\u00f3n y quit\u00e1ndole valor comercial.<\/p>\n<p>As\u00ed lo explicaba Agust\u00edn Anzorena Director de Ganader\u00eda: <em><strong>&#8216;si bien en General Alvear no son numerosos los productores de este tipo de frutas, se trata de cultivos que vienen expandi\u00e9ndose en toda la provincia, lo que genera incertidumbre ante el impacto de esta plaga&#8217;<\/strong><\/em>.<\/p>\n<p>Durante la charla, se brindaron herramientas y explicaron las distintas alternativas de control permitidas dentro del marco legal vigente en la Rep\u00fablica Argentina, como m\u00e9todos para reducir nidos, formas de manejo y sustancias autorizadas para disminuir la proliferaci\u00f3n de la especie.<\/p>\n<p>Si bien la plaga cuenta con algunos depredadores naturales, en el departamento a\u00fan no se han implementado esas t\u00e9cnicas.<\/p>\n<p>Por este motivo, se solicit\u00f3 a los productores que denuncien los casos, con el objetivo de visibilizar la problem\u00e1tica y gestionar el acompa\u00f1amiento de herramientas provinciales para su control.<\/p>\n<p>Adem\u00e1s del da\u00f1o productivo, se advirti\u00f3 sobre el riesgo sanitario, ya que las cotorras pueden transmitir enfermedades a trav\u00e9s de sus excrementos, especialmente cuando se instalan en zonas pobladas.<\/p>\n<p>&nbsp;<\/p>\n","protected":false},"excerpt":{"rendered":"<p>El Instituto de Sanidad y Calidad Agropecuaria Mendoza (Iscamen) llev\u00f3 adelante una charla informativa en el HCD destinada a productores, ante &#8230;<\/p>\n","protected":false},"author":7,"featured_media":156827,"comment_status":"open","ping_status":"open","sticky":false,"template":"","format":"standard","meta":{"footnotes":""},"categories":[5,35],"tags":[],"class_list":["post-156822","post","type-post","status-publish","format-standard","has-post-thumbnail","hentry","category-actualidad","category-iscamen"],"_links":{"self":[{"href":"https:\/\/vinasfm.com\/noticias\/wp-json\/wp\/v2\/posts\/156822","targetHints":{"allow":["GET"]}}],"collection":[{"href":"https:\/\/vinasfm.com\/noticias\/wp-json\/wp\/v2\/posts"}],"about":[{"href":"https:\/\/vinasfm.com\/noticias\/wp-json\/wp\/v2\/types\/post"}],"author":[{"embeddable":true,"href":"https:\/\/vinasfm.com\/noticias\/wp-json\/wp\/v2\/users\/7"}],"replies":[{"embeddable":true,"href":"https:\/\/vinasfm.com\/noticias\/wp-json\/wp\/v2\/comments?post=156822"}],"version-history":[{"count":4,"href":"https:\/\/vinasfm.com\/noticias\/wp-json\/wp\/v2\/posts\/156822\/revisions"}],"predecessor-version":[{"id":156857,"href":"https:\/\/vinasfm.com\/noticias\/wp-json\/wp\/v2\/posts\/156822\/revisions\/156857"}],"wp:featuredmedia":[{"embeddable":true,"href":"https:\/\/vinasfm.com\/noticias\/wp-json\/wp\/v2\/media\/156827"}],"wp:attachment":[{"href":"https:\/\/vinasfm.com\/noticias\/wp-json\/wp\/v2\/media?parent=156822"}],"wp:term":[{"taxonomy":"category","embeddable":true,"href":"https:\/\/vinasfm.com\/noticias\/wp-json\/wp\/v2\/categories?post=156822"},{"taxonomy":"post_tag","embeddable":true,"href":"https:\/\/vinasfm.com\/noticias\/wp-json\/wp\/v2\/tags?post=156822"}],"curies":[{"name":"wp","href":"https:\/\/api.w.org\/{rel}","templated":true}]}}