{"id":156819,"date":"2026-01-06T11:23:42","date_gmt":"2026-01-06T14:23:42","guid":{"rendered":"https:\/\/vinasfm.com\/noticias\/?p=156819"},"modified":"2026-01-07T10:23:14","modified_gmt":"2026-01-07T13:23:14","slug":"audiencia-clave-en-general-alvear-por-un-grave-caso-de-crueldad-animal-y-abigeato","status":"publish","type":"post","link":"https:\/\/vinasfm.com\/noticias\/audiencia-clave-en-general-alvear-por-un-grave-caso-de-crueldad-animal-y-abigeato\/","title":{"rendered":"AUDIENCIA CLAVE EN GENERAL ALVEAR POR UN GRAVE CASO DE CRUELDAD ANIMAL Y ABIGEATO"},"content":{"rendered":"<h4><strong>La Justicia definir\u00e1 si el acusado contin\u00faa detenido por el robo, la matanza y el faenamiento de un caballo en Villa Atuel. Desde una ONG protectora de equinos reclaman prisi\u00f3n efectiva y una condena ejemplar por el impacto social del hecho.<\/strong><\/h4>\n<p>Este mi\u00e9rcoles se realizar\u00e1 en General Alvear una audiencia determinante en el marco de una causa que conmocion\u00f3 a la comunidad de Villa Atuel y reaviv\u00f3 el debate sobre la crueldad animal y el abigeato en el sur mendocino. El proceso judicial tiene como eje el robo, la muerte y el posterior faenamiento de un caballo llamado Lolo, un animal de uso dom\u00e9stico que formaba parte de una familia de la zona. En esta instancia, la Justicia deber\u00e1 resolver si el imputado contin\u00faa detenido o accede a alg\u00fan tipo de beneficio procesal, mientras avanza la investigaci\u00f3n.<\/p>\n<p>Jer\u00f3nimo Allende, integrante y abogado de PEMPA, la ONG que acompa\u00f1a la causa y trabaja en la protecci\u00f3n de equinos, brind\u00f3 detalles del estado judicial del expediente y del pedido que impulsan como querellantes.<em><strong> \u201cLamentablemente, Villa Atuel vuelve a hacer noticias, como fue anteriormente en el 2024 con el caso \u00c1gata, esta vez con Lolo, un caso, nuevamente, de crueldad extrema hacia un equino\u201d<\/strong><\/em>, se\u00f1al\u00f3.<\/p>\n<p>Allende explic\u00f3 que el hecho ocurri\u00f3 entre la noche del 9 y la madrugada del 10 de diciembre, y que el acusado permanece detenido desde ese \u00faltimo d\u00eda. <em><strong>\u201cMa\u00f1ana a las 10 horas, en el juzgado penal colegiado de Alvear, est\u00e1 la audiencia de prisi\u00f3n preventiva porque esta persona est\u00e1 detenida desde el d\u00eda 10 de diciembre. Ma\u00f1ana lo que se debate es si esta persona sigue detenida en el penal, como ocurre actualmente, o hay alguna salida alternativa\u201d<\/strong><\/em>, precis\u00f3.<\/p>\n<p>Seg\u00fan relat\u00f3, el caballo fue sustra\u00eddo de su entorno familiar, asesinado de manera violenta y luego faenado. <em><strong>\u201cFue arrebatado de su familia, que lo cri\u00f3 desde peque\u00f1o para posteriormente causarle una muerte totalmente cruel, un sufrimiento indescriptible y un posterior faenamiento y despostado del mismo\u201d<\/strong><\/em>, afirm\u00f3. Por una cuesti\u00f3n de jurisdicci\u00f3n, la causa es instruida por la unidad fiscal de General Alvear.<\/p>\n<p>El imputado est\u00e1 acusado actualmente por el delito de abigeato, contemplado en el art\u00edculo 167 ter del C\u00f3digo Penal, que prev\u00e9 penas de entre 2 y 6 a\u00f1os de prisi\u00f3n. No obstante, Allende aclar\u00f3 que esa calificaci\u00f3n no se define en esta audiencia. <em><strong>\u201cMa\u00f1ana no se discute la calificaci\u00f3n, eso va a ser una audiencia posterior en la acusaci\u00f3n. Ma\u00f1ana se define si \u00e9l sigue detenido\u201d<\/strong><\/em>, explic\u00f3.<\/p>\n<p>Uno de los puntos centrales que refuerza el pedido de prisi\u00f3n preventiva es la situaci\u00f3n procesal previa del acusado. Allende detall\u00f3 que contaba con una suspensi\u00f3n de juicio a prueba vigente por otros delitos. \u201c\u00c9l ten\u00eda una suspensi\u00f3n del juicio a prueba, conocida como probation, en curso, que se le dict\u00f3 en noviembre del a\u00f1o pasado, por dos delitos, en otras causas, por da\u00f1os en la vida p\u00fablica y por amenaza. Esa suspensi\u00f3n ten\u00eda reglas de conducta que cumplir, entre ellas no cometer delitos\u201d, sostuvo. En ese marco, indic\u00f3 que ese beneficio qued\u00f3 revocado. <em><strong>\u201cPor ende, se revoca ese beneficio de suspensi\u00f3n del juicio a prueba. Por eso est\u00e1 detenido desde ese momento\u201d<\/strong><\/em>, remarc\u00f3.<\/p>\n<h6><span style=\"color: #ff0000;\">Fuente: Diario San Rafael<\/span><\/h6>\n","protected":false},"excerpt":{"rendered":"<p>La Justicia definir\u00e1 si el acusado contin\u00faa detenido por el robo, la matanza y el faenamiento de un caballo en Villa &#8230;<\/p>\n","protected":false},"author":7,"featured_media":156820,"comment_status":"open","ping_status":"open","sticky":false,"template":"","format":"standard","meta":{"footnotes":""},"categories":[5,10],"tags":[],"class_list":["post-156819","post","type-post","status-publish","format-standard","has-post-thumbnail","hentry","category-actualidad","category-destacadas"],"_links":{"self":[{"href":"https:\/\/vinasfm.com\/noticias\/wp-json\/wp\/v2\/posts\/156819","targetHints":{"allow":["GET"]}}],"collection":[{"href":"https:\/\/vinasfm.com\/noticias\/wp-json\/wp\/v2\/posts"}],"about":[{"href":"https:\/\/vinasfm.com\/noticias\/wp-json\/wp\/v2\/types\/post"}],"author":[{"embeddable":true,"href":"https:\/\/vinasfm.com\/noticias\/wp-json\/wp\/v2\/users\/7"}],"replies":[{"embeddable":true,"href":"https:\/\/vinasfm.com\/noticias\/wp-json\/wp\/v2\/comments?post=156819"}],"version-history":[{"count":1,"href":"https:\/\/vinasfm.com\/noticias\/wp-json\/wp\/v2\/posts\/156819\/revisions"}],"predecessor-version":[{"id":156821,"href":"https:\/\/vinasfm.com\/noticias\/wp-json\/wp\/v2\/posts\/156819\/revisions\/156821"}],"wp:featuredmedia":[{"embeddable":true,"href":"https:\/\/vinasfm.com\/noticias\/wp-json\/wp\/v2\/media\/156820"}],"wp:attachment":[{"href":"https:\/\/vinasfm.com\/noticias\/wp-json\/wp\/v2\/media?parent=156819"}],"wp:term":[{"taxonomy":"category","embeddable":true,"href":"https:\/\/vinasfm.com\/noticias\/wp-json\/wp\/v2\/categories?post=156819"},{"taxonomy":"post_tag","embeddable":true,"href":"https:\/\/vinasfm.com\/noticias\/wp-json\/wp\/v2\/tags?post=156819"}],"curies":[{"name":"wp","href":"https:\/\/api.w.org\/{rel}","templated":true}]}}