{"id":156801,"date":"2026-01-05T10:11:47","date_gmt":"2026-01-05T13:11:47","guid":{"rendered":"https:\/\/vinasfm.com\/noticias\/?p=156801"},"modified":"2026-01-06T11:23:41","modified_gmt":"2026-01-06T14:23:41","slug":"algunas-bodegas-no-recibiran-uva-esta-temporada-y-podrian-seguir-desapareciendo-vinedos-en-el-sur-mendocino","status":"publish","type":"post","link":"https:\/\/vinasfm.com\/noticias\/algunas-bodegas-no-recibiran-uva-esta-temporada-y-podrian-seguir-desapareciendo-vinedos-en-el-sur-mendocino\/","title":{"rendered":"ALGUNAS BODEGAS \u201cNO RECIBIR\u00c1N UVA\u201d ESTA TEMPORADA Y PODR\u00cdAN SEGUIR DESAPARECIENDO VI\u00d1EDOS EN EL SUR MENDOCINO"},"content":{"rendered":"<h4><strong>La vitivinicultura viene arrastrando problemas graves en el mundo. El abandono de vi\u00f1edos se registra fuertemente en California y Francia, y -en menor medida- en otros puntos como Espa\u00f1a o Australia.<\/strong><\/h4>\n<p>En el continente, tambi\u00e9n se suma Chile, que en la \u00faltima temporada tuvo una hist\u00f3rica ca\u00edda en la producci\u00f3n -la m\u00e1s baja en las \u00faltimas dos d\u00e9cadas- y disminuci\u00f3n de vi\u00f1edos.<\/p>\n<p>Entre los puntos preocupantes se destacan la ca\u00edda del consumo global, el aumento de costos (inflaci\u00f3n, mano de obra), la competencia de vinos importados y el cambio clim\u00e1tico (sequ\u00edas, heladas).<\/p>\n<p>En el mundo se ven medidas dr\u00e1sticas como arrancar vides en Francia y la b\u00fasqueda de cultivos alternativos como California, para sobrevivir a la crisis de sobreoferta y baja demanda.<\/p>\n<p>A NIVEL LOCAL<br \/>\nMendoza est\u00e1 en la misma situaci\u00f3n y m\u00e1s angustiante a\u00fan por la pol\u00edtica econ\u00f3mica nacional que no favorece a la producci\u00f3n.<\/p>\n<p>Entre los a\u00f1os 2015 y 2024, la provincia sufri\u00f3 la p\u00e9rdida de 16.864 hect\u00e1reas de vid, lo que equivale al 10, 6% menos, siendo los m\u00e1s afectados los sanmartinianos y sanrafaelinos.<\/p>\n<p>Seg\u00fan el reporte de 2025 en nuestro departamento quedan 10.899 hect\u00e1reas con vi\u00f1edos, cuando en 2015 exist\u00edan 14.279, una ca\u00edda de 3380, solo superado por San Mart\u00edn con una ca\u00edda de 4.071.<\/p>\n<p>INCERTIDUMBRE Y TENSI\u00d3N DE CARA A LA VENDIMIA<br \/>\nSan Rafael, as\u00ed como el resto del pa\u00eds, sufre por la disminuci\u00f3n en el consumo de vino a nivel interno y en las exportaciones, pero tambi\u00e9n el gran sobrestock.<\/p>\n<p>A nivel local se especula que las bodegas ofrecer\u00e1n precios muy deprimidos para la cosecha, ya que el vino tambi\u00e9n mantiene precios muy bajos.<\/p>\n<p>El esquema es simple: el vino en g\u00f3ndola est\u00e1 \u201cbarato\u201d y deprime el valor de la uva. Esto genera incertidumbre y tensi\u00f3n en los productores, quienes no saben si podr\u00e1n seguir adelante con sus vi\u00f1edos.<\/p>\n<p>Desde el sector confirmaron a Diario San Rafael que \u201cmuchas bodegas no recibir\u00e1n uva u ofrecer\u00e1n precios m\u00e1s bajos que la temporada pasada\u201d.<\/p>\n<p>Una \u201calternativa\u201d que plantean algunas bodegas es \u201crecibir la uva\u201d y pagarla cuando se venda el vino, propuesta para \u201csalvar\u201d la cosecha.<\/p>\n<h5 class=\"wp-block-heading\"><strong>MANTENIMIENTO INVIABLE<\/strong><\/h5>\n<p>De cara a la pr\u00f3xima vendimia, los precios proyectados para la uva son tan bajos que es probable que a los productores les resulte inviable el mantenimiento de sus vi\u00f1edos.<\/p>\n<p>Esto plantea una amenaza significativa para la viabilidad a largo plazo de la industria vitivin\u00edcola, afectando tanto a productores como a las bodegas.<\/p>\n","protected":false},"excerpt":{"rendered":"<p>La vitivinicultura viene arrastrando problemas graves en el mundo. El abandono de vi\u00f1edos se registra fuertemente en California y Francia, y &#8230;<\/p>\n","protected":false},"author":7,"featured_media":130756,"comment_status":"open","ping_status":"open","sticky":false,"template":"","format":"standard","meta":{"footnotes":""},"categories":[5,14],"tags":[],"class_list":["post-156801","post","type-post","status-publish","format-standard","has-post-thumbnail","hentry","category-actualidad","category-agro"],"_links":{"self":[{"href":"https:\/\/vinasfm.com\/noticias\/wp-json\/wp\/v2\/posts\/156801","targetHints":{"allow":["GET"]}}],"collection":[{"href":"https:\/\/vinasfm.com\/noticias\/wp-json\/wp\/v2\/posts"}],"about":[{"href":"https:\/\/vinasfm.com\/noticias\/wp-json\/wp\/v2\/types\/post"}],"author":[{"embeddable":true,"href":"https:\/\/vinasfm.com\/noticias\/wp-json\/wp\/v2\/users\/7"}],"replies":[{"embeddable":true,"href":"https:\/\/vinasfm.com\/noticias\/wp-json\/wp\/v2\/comments?post=156801"}],"version-history":[{"count":1,"href":"https:\/\/vinasfm.com\/noticias\/wp-json\/wp\/v2\/posts\/156801\/revisions"}],"predecessor-version":[{"id":156802,"href":"https:\/\/vinasfm.com\/noticias\/wp-json\/wp\/v2\/posts\/156801\/revisions\/156802"}],"wp:featuredmedia":[{"embeddable":true,"href":"https:\/\/vinasfm.com\/noticias\/wp-json\/wp\/v2\/media\/130756"}],"wp:attachment":[{"href":"https:\/\/vinasfm.com\/noticias\/wp-json\/wp\/v2\/media?parent=156801"}],"wp:term":[{"taxonomy":"category","embeddable":true,"href":"https:\/\/vinasfm.com\/noticias\/wp-json\/wp\/v2\/categories?post=156801"},{"taxonomy":"post_tag","embeddable":true,"href":"https:\/\/vinasfm.com\/noticias\/wp-json\/wp\/v2\/tags?post=156801"}],"curies":[{"name":"wp","href":"https:\/\/api.w.org\/{rel}","templated":true}]}}