{"id":156783,"date":"2026-01-03T10:34:32","date_gmt":"2026-01-03T13:34:32","guid":{"rendered":"https:\/\/vinasfm.com\/noticias\/?p=156783"},"modified":"2026-01-05T10:11:43","modified_gmt":"2026-01-05T13:11:43","slug":"confirmaron-el-primer-caso-de-la-supergripe-h3n2-en-mendoza","status":"publish","type":"post","link":"https:\/\/vinasfm.com\/noticias\/confirmaron-el-primer-caso-de-la-supergripe-h3n2-en-mendoza\/","title":{"rendered":"CONFIRMARON EL PRIMER CASO DE LA SUPERGRIPE H3N2 EN MENDOZA"},"content":{"rendered":"<h4><strong>Hay preocupaci\u00f3n en la provincia de Mendoza luego de que las autoridades sanitarias confirmen el primer caso de influenza A H3N2 en la provincia. Se trata de una persona que lleg\u00f3 de Espa\u00f1a hace algunos d\u00edas.<\/strong><\/h4>\n<h2><strong><span style=\"color: #800080;\">C\u00f3mo fue la detecci\u00f3n del primer caso de gripe H3N2 en Mendoza<\/span><\/strong><\/h2>\n<p>Actualmente, Espa\u00f1a es uno de los pa\u00edses en los que esta cepa del virus registra una mayor circulaci\u00f3n por el invierno europeo. En ese contexto, un hombre que acababa de llegar a territorio mendocino present\u00f3 fiebre alta y dificultad respiratoria.<\/p>\n<p>Ante la gravedad del cuadro, fue a la guardia del Hospital Central y luego fue derivado al Hospital Ram\u00f3n Carrillo. Ahora, est\u00e1 internado y es monitoreado de cerca por los m\u00e9dicos.<\/p>\n<p>El Instituto Malbr\u00e1n fue el encargado de confirmar que se trataba de un caso de influenza A H3N2, lo que encendi\u00f3 las alarmas y oblig\u00f3 a activar los protocolos de vigilancia epidemiol\u00f3gica en la provincia.<\/p>\n<p>En un comunicado, el Ministerio de Salud mendocino aclar\u00f3 que no hay circulaci\u00f3n comunitaria del virus y que el caso est\u00e1 relacionado con el viaje del paciente a Espa\u00f1a.<\/p>\n<p>Los siguientes pasos son el seguimiento de los contactos estrechos del contagiado y la reiteraci\u00f3n de informaci\u00f3n a la poblaci\u00f3n sobre s\u00edntomas y tipos de alerta.<\/p>\n<h2><span style=\"color: #800080;\">Cu\u00e1les son los principales s\u00edntomas de la gripe H3N2<\/span><\/h2>\n<p>Fiebre alta: Generalmente superior a los 38\u00b0C o 39\u00b0C, que aparece de forma repentina y puede durar de 3 a 4 d\u00edas.<br \/>\nDolores corporales intensos: Dolor muscular y articular (mialgias) que puede dificultar el movimiento.<br \/>\nCansancio extremo: Una fatiga abrumadora que obliga al reposo inmediato.<br \/>\nTos seca: Suele ser persistente y puede volverse m\u00e1s profunda con el paso de los d\u00edas.<br \/>\nDolor de cabeza: Fuerte y persistente.<br \/>\nEscalofr\u00edos y sudoraci\u00f3n: Acompa\u00f1an a los picos de fiebre.<br \/>\nDolor de garganta y congesti\u00f3n nasal: Aunque est\u00e1n presentes, suelen ser menos dominantes que el dolor corporal y la fiebre.<\/p>\n<h6><span style=\"color: #ff0000;\">Fuente: Diario San Rafael<\/span><\/h6>\n<p>&nbsp;<\/p>\n","protected":false},"excerpt":{"rendered":"<p>Hay preocupaci\u00f3n en la provincia de Mendoza luego de que las autoridades sanitarias confirmen el primer caso de influenza A H3N2 &#8230;<\/p>\n","protected":false},"author":7,"featured_media":156784,"comment_status":"open","ping_status":"open","sticky":false,"template":"","format":"standard","meta":{"footnotes":""},"categories":[5,15],"tags":[],"class_list":["post-156783","post","type-post","status-publish","format-standard","has-post-thumbnail","hentry","category-actualidad","category-salud"],"_links":{"self":[{"href":"https:\/\/vinasfm.com\/noticias\/wp-json\/wp\/v2\/posts\/156783","targetHints":{"allow":["GET"]}}],"collection":[{"href":"https:\/\/vinasfm.com\/noticias\/wp-json\/wp\/v2\/posts"}],"about":[{"href":"https:\/\/vinasfm.com\/noticias\/wp-json\/wp\/v2\/types\/post"}],"author":[{"embeddable":true,"href":"https:\/\/vinasfm.com\/noticias\/wp-json\/wp\/v2\/users\/7"}],"replies":[{"embeddable":true,"href":"https:\/\/vinasfm.com\/noticias\/wp-json\/wp\/v2\/comments?post=156783"}],"version-history":[{"count":1,"href":"https:\/\/vinasfm.com\/noticias\/wp-json\/wp\/v2\/posts\/156783\/revisions"}],"predecessor-version":[{"id":156785,"href":"https:\/\/vinasfm.com\/noticias\/wp-json\/wp\/v2\/posts\/156783\/revisions\/156785"}],"wp:featuredmedia":[{"embeddable":true,"href":"https:\/\/vinasfm.com\/noticias\/wp-json\/wp\/v2\/media\/156784"}],"wp:attachment":[{"href":"https:\/\/vinasfm.com\/noticias\/wp-json\/wp\/v2\/media?parent=156783"}],"wp:term":[{"taxonomy":"category","embeddable":true,"href":"https:\/\/vinasfm.com\/noticias\/wp-json\/wp\/v2\/categories?post=156783"},{"taxonomy":"post_tag","embeddable":true,"href":"https:\/\/vinasfm.com\/noticias\/wp-json\/wp\/v2\/tags?post=156783"}],"curies":[{"name":"wp","href":"https:\/\/api.w.org\/{rel}","templated":true}]}}